{"id":689,"date":"2025-12-19T14:04:09","date_gmt":"2025-12-19T13:04:09","guid":{"rendered":"http:\/\/radio-pax.de\/blog\/?p=689"},"modified":"2025-12-19T14:04:09","modified_gmt":"2025-12-19T13:04:09","slug":"radio-pax-die-beitraege-der-dezembersendung-2025-jetzt-zum-nachhoeren-auf-spotify","status":"publish","type":"post","link":"http:\/\/radio-pax.de\/blog\/2025\/12\/19\/radio-pax-die-beitraege-der-dezembersendung-2025-jetzt-zum-nachhoeren-auf-spotify\/","title":{"rendered":"Radio PAX &#8211; Die Beitr\u00e4ge der Dezembersendung 2025 jetzt zum Nachh\u00f6ren auf Spotify"},"content":{"rendered":"\n<p>Liebe PAX-Interessierte und alle, die es werden wollen,<\/p>\n\n\n\n<p>die Beitr\u00e4ge der aktuellen Sendung k\u00f6nnt ihr \u00fcber das untenstehende Feld auf Spotify nachh\u00f6ren!<\/p>\n\n\n\n<iframe data-testid=\"embed-iframe\" style=\"border-radius:12px\" src=\"https:\/\/open.spotify.com\/embed\/show\/4iuAjm642Ude3moLbnWqDV?utm_source=generator&#038;theme=0\" width=\"100%\" height=\"352\" frameBorder=\"0\" allowfullscreen=\"\" allow=\"autoplay; clipboard-write; encrypted-media; fullscreen; picture-in-picture\" loading=\"lazy\"><\/iframe>\n","protected":false},"excerpt":{"rendered":"<p>Liebe PAX-Interessierte und alle, die es werden wollen, die Beitr\u00e4ge der aktuellen Sendung k\u00f6nnt ihr \u00fcber das untenstehende Feld auf Spotify nachh\u00f6ren!<\/p>\n","protected":false},"author":6,"featured_media":449,"comment_status":"open","ping_status":"open","sticky":false,"template":"","format":"standard","meta":{"footnotes":""},"categories":[1],"tags":[],"class_list":["post-689","post","type-post","status-publish","format-standard","has-post-thumbnail","hentry","category-allgemein"],"_links":{"self":[{"href":"http:\/\/radio-pax.de\/blog\/wp-json\/wp\/v2\/posts\/689","targetHints":{"allow":["GET"]}}],"collection":[{"href":"http:\/\/radio-pax.de\/blog\/wp-json\/wp\/v2\/posts"}],"about":[{"href":"http:\/\/radio-pax.de\/blog\/wp-json\/wp\/v2\/types\/post"}],"author":[{"embeddable":true,"href":"http:\/\/radio-pax.de\/blog\/wp-json\/wp\/v2\/users\/6"}],"replies":[{"embeddable":true,"href":"http:\/\/radio-pax.de\/blog\/wp-json\/wp\/v2\/comments?post=689"}],"version-history":[{"count":3,"href":"http:\/\/radio-pax.de\/blog\/wp-json\/wp\/v2\/posts\/689\/revisions"}],"predecessor-version":[{"id":692,"href":"http:\/\/radio-pax.de\/blog\/wp-json\/wp\/v2\/posts\/689\/revisions\/692"}],"wp:featuredmedia":[{"embeddable":true,"href":"http:\/\/radio-pax.de\/blog\/wp-json\/wp\/v2\/media\/449"}],"wp:attachment":[{"href":"http:\/\/radio-pax.de\/blog\/wp-json\/wp\/v2\/media?parent=689"}],"wp:term":[{"taxonomy":"category","embeddable":true,"href":"http:\/\/radio-pax.de\/blog\/wp-json\/wp\/v2\/categories?post=689"},{"taxonomy":"post_tag","embeddable":true,"href":"http:\/\/radio-pax.de\/blog\/wp-json\/wp\/v2\/tags?post=689"}],"curies":[{"name":"wp","href":"https:\/\/api.w.org\/{rel}","templated":true}]}}