{"id":664,"date":"2025-04-21T14:32:48","date_gmt":"2025-04-21T12:32:48","guid":{"rendered":"http:\/\/radio-pax.de\/blog\/?p=664"},"modified":"2025-04-21T14:32:48","modified_gmt":"2025-04-21T12:32:48","slug":"radio-pax-sendet-wieder-am-21-04-25-17-19-uhr","status":"publish","type":"post","link":"http:\/\/radio-pax.de\/blog\/2025\/04\/21\/radio-pax-sendet-wieder-am-21-04-25-17-19-uhr\/","title":{"rendered":"Radio Pax sendet wieder am 21.04.25, 17-19 Uhr"},"content":{"rendered":"\n<p>N\u00e4chste Sendung heute, 21.04.2025<\/p>\n\n\n\n<p>RADIO PAX und das Osterlachen<\/p>\n\n\n\n<p><a><\/a>Zum Tag der Kreativit\u00e4t und Innovation serviert RADIO PAX einen Mix aus kulinarischem Genuss, klangvollen Momenten und klugen Gedanken.<\/p>\n\n\n\n<p>Mit dabei: K\u00e4sesp\u00e4tzle aus der \u00f6sterreichischen K\u00fcche, ein Besuch beim Extra-Chor Brandenburg samt Konzertmitschnitt, und ein Blick auf Erfindungsreichtum im Tierreich.<\/p>\n\n\n\n<p>Der Fingerzeig f\u00fcr Sternengucker wirft einen Blick auf hei\u00dfe und kalte Sterne, w\u00e4hrend im Seitenblick-Podcast das Buch \u201eSchei\u00df auf Selflove \u2013 gib mir Klassenkampf\u201c besprochen wird.<\/p>\n\n\n\n<p>Au\u00dferdem: eine Buchrezension zu \u201eSchei\u00df auf Selflove \u2013 gib mir Klassenkampf\u201c.<\/p>\n\n\n\n<p>Zum 27. April, dem Tag der Befreiung des Zuchthauses Brandenburg, berichten wir \u00fcber die Naziverfolgung von Reichstagsabgeordneten im KZ Brandenburg.<\/p>\n\n\n\n<p>Und schlie\u00dflich: ein Platz am Katzentisch der Demokratie.<\/p>\n\n\n\n<p>RADIO PAX f\u00f6rdert das Osterlachen.<\/p>\n\n\n\n<p>Einschalten und schlauer werden.<\/p>\n\n\n\n<p>Flink-Link zum Nettstream: <a href=\"https:\/\/l.facebook.com\/l.php?u=http%3A%2F%2Fice.rosebud-media.de%3A8000%2F88vier%3Ffbclid%3DIwZXh0bgNhZW0CMTAAAR62Fg6axAGO1UUIKV13sG0XA-ElvqPCjilBXX9wHST8dzCHNt-UAHFjCzOn0A_aem_eclWIHJ_YSVCWQihr8RngQ&amp;h=AT0mn1Sz4EcvkIvW8dh8MgvG4tPsPg_iE6dPKaY0DEr1n5bUwHltMsZfSyWAV9GhFFEwisGikJDAniMa4N-S3Iwzi_-Dp2Ep_B8RpKrF3MAsK1CgBsWx6EmpyVu5_bEroCx7SwRSceya79TAAmtLvVJxesCFAw&amp;__tn__=-UK-y-R&amp;c[0]=AT3ezOpWPb_i9CSW85pfvqZBZzba-6kFGsum3kHOJnaIM2Xa-L2O3D-7RV0BCK8ukzBlj2SillIPe83XFRI-2LWZ5AZznudBbrEuclLI5887g8wdzHMsSuQ6CqfMIg70bI55ch72pxUs1cqdc_rU2Vx8CyU1Inx5Yg_k4zYA_Xy2lFzPalNqcibqH4pFp3_k1-eTB721AxbdnWFWzbl8cfTBxJHTs16ZeuhHemw8tibJbDawy6HlCKgzS1Tp6xQBMxg96I4ubs5Za7ZI_ko1uCqXvCfeh34yM_vNoA\" rel=\"noreferrer noopener\" target=\"_blank\">http:\/\/ice.rosebud-media.de:8000\/88vier<\/a><\/p>\n\n\n\n<p>RADIO PAX aus Brandenburg an der Havel.<\/p>\n\n\n\n<p>Empfohlen f\u00fcr Schulfunk und Erwachsenenbildung.<\/p>\n\n\n\n<p>Der Postsack h\u00e4ngt an: info@radio-pax.de<\/p>\n","protected":false},"excerpt":{"rendered":"<p>N\u00e4chste Sendung heute, 21.04.2025 RADIO PAX und das Osterlachen Zum Tag der Kreativit\u00e4t und Innovation serviert RADIO PAX einen Mix aus kulinarischem Genuss, klangvollen Momenten und klugen Gedanken. Mit dabei: K\u00e4sesp\u00e4tzle aus der \u00f6sterreichischen K\u00fcche, ein Besuch beim Extra-Chor Brandenburg samt Konzertmitschnitt, und ein Blick auf Erfindungsreichtum im Tierreich. Der Fingerzeig f\u00fcr Sternengucker wirft einen [&hellip;]<\/p>\n","protected":false},"author":1,"featured_media":665,"comment_status":"open","ping_status":"open","sticky":false,"template":"","format":"standard","meta":{"footnotes":""},"categories":[1,21],"tags":[19],"class_list":["post-664","post","type-post","status-publish","format-standard","has-post-thumbnail","hentry","category-allgemein","category-sendung","tag-sendung"],"_links":{"self":[{"href":"http:\/\/radio-pax.de\/blog\/wp-json\/wp\/v2\/posts\/664","targetHints":{"allow":["GET"]}}],"collection":[{"href":"http:\/\/radio-pax.de\/blog\/wp-json\/wp\/v2\/posts"}],"about":[{"href":"http:\/\/radio-pax.de\/blog\/wp-json\/wp\/v2\/types\/post"}],"author":[{"embeddable":true,"href":"http:\/\/radio-pax.de\/blog\/wp-json\/wp\/v2\/users\/1"}],"replies":[{"embeddable":true,"href":"http:\/\/radio-pax.de\/blog\/wp-json\/wp\/v2\/comments?post=664"}],"version-history":[{"count":1,"href":"http:\/\/radio-pax.de\/blog\/wp-json\/wp\/v2\/posts\/664\/revisions"}],"predecessor-version":[{"id":666,"href":"http:\/\/radio-pax.de\/blog\/wp-json\/wp\/v2\/posts\/664\/revisions\/666"}],"wp:featuredmedia":[{"embeddable":true,"href":"http:\/\/radio-pax.de\/blog\/wp-json\/wp\/v2\/media\/665"}],"wp:attachment":[{"href":"http:\/\/radio-pax.de\/blog\/wp-json\/wp\/v2\/media?parent=664"}],"wp:term":[{"taxonomy":"category","embeddable":true,"href":"http:\/\/radio-pax.de\/blog\/wp-json\/wp\/v2\/categories?post=664"},{"taxonomy":"post_tag","embeddable":true,"href":"http:\/\/radio-pax.de\/blog\/wp-json\/wp\/v2\/tags?post=664"}],"curies":[{"name":"wp","href":"https:\/\/api.w.org\/{rel}","templated":true}]}}