{"id":654,"date":"2025-04-11T22:06:20","date_gmt":"2025-04-11T20:06:20","guid":{"rendered":"http:\/\/radio-pax.de\/blog\/?p=654"},"modified":"2025-04-11T22:06:20","modified_gmt":"2025-04-11T20:06:20","slug":"radio-pax-whg-der-maerzsendung-am-15-04-von-2-4-uhr","status":"publish","type":"post","link":"http:\/\/radio-pax.de\/blog\/2025\/04\/11\/radio-pax-whg-der-maerzsendung-am-15-04-von-2-4-uhr\/","title":{"rendered":"RADIO PAX (Whg. der M\u00e4rzsendung) am 15.04. von 2-4 Uhr"},"content":{"rendered":"\n<p>RADIO PAX (Whg.) Montag\/Dienstag Nacht von 2 bis 4 Uhr<\/p>\n\n\n\n<p>Der M\u00e4rz bringt frische Kraft \u2013 und RADIO PAX sammelt sie ein!<br>Zum Tag der Druckkunst tauchen wir in die Kunst mit Hochdruck ein und besuchen die Galerie Sonnensegel, wo alte Drucktechniken auf kreative Energie treffen.<br>In den Nachrichten aus der Tierwelt erkunden wir nat\u00fcrliches Energiemanagement.<br>Unsere Sternengucker saugen nicht nur Sternenenergie, sondern haben auch Breaking News zur Sonnenfinsternis k\u00fcrzlich im Gep\u00e4ck.<br>Armin Kirchmaus blickt zur\u00fcck auf ein Blueskonzert im Seglerheim in&nbsp;Kirchm\u00f6ser.<br>Wir werfen einen kritischen Blick in die Vergangenheit und stellen die Frage: Was passiert, wenn Freiheit zur Herausforderung wird? In unserer Buchrezension zu Ilko-Sascha Kowalczuks &#8222;Freiheitsschock&#8220; gehen wir der Wucht gesellschaftlicher Umbr\u00fcche auf den Grund.<\/p>\n","protected":false},"excerpt":{"rendered":"<p>RADIO PAX (Whg.) Montag\/Dienstag Nacht von 2 bis 4 Uhr Der M\u00e4rz bringt frische Kraft \u2013 und RADIO PAX sammelt sie ein!Zum Tag der Druckkunst tauchen wir in die Kunst mit Hochdruck ein und besuchen die Galerie Sonnensegel, wo alte Drucktechniken auf kreative Energie treffen.In den Nachrichten aus der Tierwelt erkunden wir nat\u00fcrliches Energiemanagement.Unsere Sternengucker [&hellip;]<\/p>\n","protected":false},"author":1,"featured_media":658,"comment_status":"open","ping_status":"open","sticky":false,"template":"","format":"standard","meta":{"footnotes":""},"categories":[1,21],"tags":[19,26],"class_list":["post-654","post","type-post","status-publish","format-standard","has-post-thumbnail","hentry","category-allgemein","category-sendung","tag-sendung","tag-wiederholung"],"_links":{"self":[{"href":"http:\/\/radio-pax.de\/blog\/wp-json\/wp\/v2\/posts\/654","targetHints":{"allow":["GET"]}}],"collection":[{"href":"http:\/\/radio-pax.de\/blog\/wp-json\/wp\/v2\/posts"}],"about":[{"href":"http:\/\/radio-pax.de\/blog\/wp-json\/wp\/v2\/types\/post"}],"author":[{"embeddable":true,"href":"http:\/\/radio-pax.de\/blog\/wp-json\/wp\/v2\/users\/1"}],"replies":[{"embeddable":true,"href":"http:\/\/radio-pax.de\/blog\/wp-json\/wp\/v2\/comments?post=654"}],"version-history":[{"count":1,"href":"http:\/\/radio-pax.de\/blog\/wp-json\/wp\/v2\/posts\/654\/revisions"}],"predecessor-version":[{"id":659,"href":"http:\/\/radio-pax.de\/blog\/wp-json\/wp\/v2\/posts\/654\/revisions\/659"}],"wp:featuredmedia":[{"embeddable":true,"href":"http:\/\/radio-pax.de\/blog\/wp-json\/wp\/v2\/media\/658"}],"wp:attachment":[{"href":"http:\/\/radio-pax.de\/blog\/wp-json\/wp\/v2\/media?parent=654"}],"wp:term":[{"taxonomy":"category","embeddable":true,"href":"http:\/\/radio-pax.de\/blog\/wp-json\/wp\/v2\/categories?post=654"},{"taxonomy":"post_tag","embeddable":true,"href":"http:\/\/radio-pax.de\/blog\/wp-json\/wp\/v2\/tags?post=654"}],"curies":[{"name":"wp","href":"https:\/\/api.w.org\/{rel}","templated":true}]}}