{"id":606,"date":"2025-01-11T00:51:24","date_gmt":"2025-01-10T23:51:24","guid":{"rendered":"http:\/\/radio-pax.de\/blog\/?p=606"},"modified":"2025-04-11T22:01:31","modified_gmt":"2025-04-11T20:01:31","slug":"radio-pax-whg-der-novembersendung-am-13-01-von-2-4-uhr","status":"publish","type":"post","link":"http:\/\/radio-pax.de\/blog\/2025\/01\/11\/radio-pax-whg-der-novembersendung-am-13-01-von-2-4-uhr\/","title":{"rendered":"RADIO PAX (Whg. der Dezembersendung) am 13.01. von 2-4 Uhr"},"content":{"rendered":"\n<p>RADIO PAX (Whg.)&nbsp;13.\/14. Jan. von 2-4 Uhr<br><strong><br>RADIO PAX und der Bimmel-Bammel<br>DIE Weihnachtsshow, die man am besten im Januar h\u00f6rt.<br><br><\/strong><strong>RADIO PAX widmet sich zukunftweisenden Themen wie der Agroforst-Wirtschaft oder der in diesem Jahr in BRB stattfindenden Literaturmesse Off.Lit.<\/strong><br><strong>Unsere Biologin war in der EISZEIT-Ausstellung im Landesmuseum, und unsere Haus- und Hoff\u00fcsiker lesen die Zukunft ganz klassisch aus den Sternen \u2013 Der Clou daran ist: es funktioniert! K\u00f6nnt ihr, da es ja die Whg ist, gleich mal nachpr\u00fcfen.<br>Und nat\u00fcrlich g\u00f6nnen wir uns auch ein paar Gl\u00f6ckchen der Erbauung in humorloser Zeit.<br><br><\/strong><strong>Flink-Link zum&nbsp;<\/strong><strong>Adret<\/strong><strong>tstream:&nbsp;<a href=\"http:\/\/ice.rosebud-media.de:8000\/88vier\" target=\"_blank\" rel=\"noreferrer noopener\">http:\/\/ice.rosebud-media.de:8000\/88vier<\/a>&nbsp;<\/strong><strong><\/strong><strong><br>RADIO PAX aus Brandenburg an der Havel.<\/strong><strong><\/strong><strong><br>Empfohlen f\u00fcr Schulfunk und Erwachsenenbildung.<\/strong><strong><\/strong><strong><br>Einschalten und schlauer werden.&nbsp;<\/strong><strong><\/strong><strong>Auch und gerade nach der Weihnachtszeit.<\/strong><strong><br><\/strong><strong>Der&nbsp;<\/strong><strong>nagelneue Post-S<\/strong><strong>ack h\u00e4ngt unter dieser Adresse:<\/strong><strong>&nbsp;<a href=\"mailto:info@radio-pax.de\" target=\"_blank\" rel=\"noreferrer noopener\">info@radio-pax.de<\/a><\/strong><\/p>\n","protected":false},"excerpt":{"rendered":"<p>RADIO PAX (Whg.)&nbsp;13.\/14. Jan. von 2-4 UhrRADIO PAX und der Bimmel-BammelDIE Weihnachtsshow, die man am besten im Januar h\u00f6rt. RADIO PAX widmet sich zukunftweisenden Themen wie der Agroforst-Wirtschaft oder der in diesem Jahr in BRB stattfindenden Literaturmesse Off.Lit.Unsere Biologin war in der EISZEIT-Ausstellung im Landesmuseum, und unsere Haus- und Hoff\u00fcsiker lesen die Zukunft ganz klassisch [&hellip;]<\/p>\n","protected":false},"author":1,"featured_media":607,"comment_status":"open","ping_status":"open","sticky":false,"template":"","format":"standard","meta":{"footnotes":""},"categories":[1,21],"tags":[19,26],"class_list":["post-606","post","type-post","status-publish","format-standard","has-post-thumbnail","hentry","category-allgemein","category-sendung","tag-sendung","tag-wiederholung"],"_links":{"self":[{"href":"http:\/\/radio-pax.de\/blog\/wp-json\/wp\/v2\/posts\/606","targetHints":{"allow":["GET"]}}],"collection":[{"href":"http:\/\/radio-pax.de\/blog\/wp-json\/wp\/v2\/posts"}],"about":[{"href":"http:\/\/radio-pax.de\/blog\/wp-json\/wp\/v2\/types\/post"}],"author":[{"embeddable":true,"href":"http:\/\/radio-pax.de\/blog\/wp-json\/wp\/v2\/users\/1"}],"replies":[{"embeddable":true,"href":"http:\/\/radio-pax.de\/blog\/wp-json\/wp\/v2\/comments?post=606"}],"version-history":[{"count":2,"href":"http:\/\/radio-pax.de\/blog\/wp-json\/wp\/v2\/posts\/606\/revisions"}],"predecessor-version":[{"id":655,"href":"http:\/\/radio-pax.de\/blog\/wp-json\/wp\/v2\/posts\/606\/revisions\/655"}],"wp:featuredmedia":[{"embeddable":true,"href":"http:\/\/radio-pax.de\/blog\/wp-json\/wp\/v2\/media\/607"}],"wp:attachment":[{"href":"http:\/\/radio-pax.de\/blog\/wp-json\/wp\/v2\/media?parent=606"}],"wp:term":[{"taxonomy":"category","embeddable":true,"href":"http:\/\/radio-pax.de\/blog\/wp-json\/wp\/v2\/categories?post=606"},{"taxonomy":"post_tag","embeddable":true,"href":"http:\/\/radio-pax.de\/blog\/wp-json\/wp\/v2\/tags?post=606"}],"curies":[{"name":"wp","href":"https:\/\/api.w.org\/{rel}","templated":true}]}}