{"id":579,"date":"2024-10-12T02:56:07","date_gmt":"2024-10-12T00:56:07","guid":{"rendered":"http:\/\/radio-pax.de\/blog\/?p=579"},"modified":"2024-10-12T02:56:07","modified_gmt":"2024-10-12T00:56:07","slug":"omega-orbit-music-for-coffeeshops-am-14-10-von-0000-bis-0200-uhr","status":"publish","type":"post","link":"http:\/\/radio-pax.de\/blog\/2024\/10\/12\/omega-orbit-music-for-coffeeshops-am-14-10-von-0000-bis-0200-uhr\/","title":{"rendered":"Omega-Orbit \u2013 Music for Coffeeshops \u2013 am 14.10. von 00:00 bis 02:00 Uhr"},"content":{"rendered":"\n<p>Omega-Orbit 14.\/15.Okt. ab Mitternacht<\/p>\n\n\n\n<p>Wie wirklich ist die Wirklichkeit?<br>Denn Wunsch ist Wahn \u2013 und Zeit hat Zeit! &#8230;..<\/p>\n\n\n\n<p>Diesen Aspekten widmet sich der Omega-Orbit zum Erntedank des begehrtesten Krautes ever.&nbsp;<br>Dessen J\u00fcnger geben sich gern der gen\u00fcsslichen Verdr\u00f6selung hin. W\u00e4hrend Marx sagt: \u00bbDie Religion ist der Seufzer der bedr\u00e4ngten Kreatur, das Gem\u00fct einer herzlosen Welt, wie sie der Geist geistloser Zust\u00e4nde ist\u00ab, sieht sich die Befreiungtheologie als \u00bbStimme der Armen\u00ab und will zu deren Befreiung von Ausbeutung, Entrechtung und Unterdr\u00fcckung beitragen. Im Buch des Weltwissens steht jedoch der Hinweis: \u00bbIm Nebel des Rausches war noch keine Revolution siegreich.\u00ab&nbsp;<br>Ungeachtet all dessen verschmoken wir im Omega-Orbit akustischen Weihrauch: \u00bbMusik f\u00fcr Coffeeshops\u00ab. BONG !<\/p>\n\n\n\n<p>Follower followen dem fluffy Link zum orbitalen nettstream:&nbsp;<a href=\"http:\/\/ice.rosebud-media.de:8000\/88vier\" target=\"_blank\" rel=\"noreferrer noopener\">http:\/\/ice.rosebud-media.de:8000\/88vier<\/a><br>DAB+ Kanal 12 geht auch.<\/p>\n\n\n\n<p>Der Omega-Orbit auf&nbsp;<a href=\"http:\/\/frrapo.de\/\" target=\"_blank\" rel=\"noreferrer noopener\">frrapo.de<\/a>&nbsp;ist die Pforte in ein musikalisches Paralleluniversum.&nbsp;<br>\u00bbLustwandeln im Rosengarten der Kl\u00e4nge\u00ab&nbsp;<br>Fragen zu Risiken und Nebenwirkungen sind zu richten an&nbsp;<a href=\"mailto:omega-orbit@gmx.de\" target=\"_blank\" rel=\"noreferrer noopener\">omega-orbit@gmx.de<\/a><\/p>\n","protected":false},"excerpt":{"rendered":"<p>Omega-Orbit 14.\/15.Okt. ab Mitternacht Wie wirklich ist die Wirklichkeit?Denn Wunsch ist Wahn \u2013 und Zeit hat Zeit! &#8230;.. Diesen Aspekten widmet sich der Omega-Orbit zum Erntedank des begehrtesten Krautes ever.&nbsp;Dessen J\u00fcnger geben sich gern der gen\u00fcsslichen Verdr\u00f6selung hin. W\u00e4hrend Marx sagt: \u00bbDie Religion ist der Seufzer der bedr\u00e4ngten Kreatur, das Gem\u00fct einer herzlosen Welt, wie [&hellip;]<\/p>\n","protected":false},"author":1,"featured_media":576,"comment_status":"open","ping_status":"open","sticky":false,"template":"","format":"standard","meta":{"footnotes":""},"categories":[1,22],"tags":[9],"class_list":["post-579","post","type-post","status-publish","format-standard","has-post-thumbnail","hentry","category-allgemein","category-omega-orbit","tag-omega-orbit"],"_links":{"self":[{"href":"http:\/\/radio-pax.de\/blog\/wp-json\/wp\/v2\/posts\/579","targetHints":{"allow":["GET"]}}],"collection":[{"href":"http:\/\/radio-pax.de\/blog\/wp-json\/wp\/v2\/posts"}],"about":[{"href":"http:\/\/radio-pax.de\/blog\/wp-json\/wp\/v2\/types\/post"}],"author":[{"embeddable":true,"href":"http:\/\/radio-pax.de\/blog\/wp-json\/wp\/v2\/users\/1"}],"replies":[{"embeddable":true,"href":"http:\/\/radio-pax.de\/blog\/wp-json\/wp\/v2\/comments?post=579"}],"version-history":[{"count":1,"href":"http:\/\/radio-pax.de\/blog\/wp-json\/wp\/v2\/posts\/579\/revisions"}],"predecessor-version":[{"id":580,"href":"http:\/\/radio-pax.de\/blog\/wp-json\/wp\/v2\/posts\/579\/revisions\/580"}],"wp:featuredmedia":[{"embeddable":true,"href":"http:\/\/radio-pax.de\/blog\/wp-json\/wp\/v2\/media\/576"}],"wp:attachment":[{"href":"http:\/\/radio-pax.de\/blog\/wp-json\/wp\/v2\/media?parent=579"}],"wp:term":[{"taxonomy":"category","embeddable":true,"href":"http:\/\/radio-pax.de\/blog\/wp-json\/wp\/v2\/categories?post=579"},{"taxonomy":"post_tag","embeddable":true,"href":"http:\/\/radio-pax.de\/blog\/wp-json\/wp\/v2\/tags?post=579"}],"curies":[{"name":"wp","href":"https:\/\/api.w.org\/{rel}","templated":true}]}}