{"id":575,"date":"2024-10-12T02:53:27","date_gmt":"2024-10-12T00:53:27","guid":{"rendered":"http:\/\/radio-pax.de\/blog\/?p=575"},"modified":"2024-10-12T02:53:27","modified_gmt":"2024-10-12T00:53:27","slug":"radio-pax-whg-der-septembersendung-am-14-10-von-2-4-uhr","status":"publish","type":"post","link":"http:\/\/radio-pax.de\/blog\/2024\/10\/12\/radio-pax-whg-der-septembersendung-am-14-10-von-2-4-uhr\/","title":{"rendered":"RADIO PAX (Whg. der Septembersendung) am 14.10. von 2-4 Uhr"},"content":{"rendered":"\n<p>\u00bbMobil im Spiel\u00ab &nbsp;<\/p>\n\n\n\n<p>Flink-Link zum nettstream:&nbsp;<a href=\"http:\/\/ice.rosebud-media.de:8000\/88vier\" target=\"_blank\" rel=\"noreferrer noopener\">http:\/\/ice.rosebud-media.de:8000\/88vier<\/a><\/p>\n\n\n\n<p>RADIO PAX er\u00f6ffnet die Europ\u00e4ische Mobilit\u00e4tswoche in BRB.&nbsp;<br>In der Sendung besch\u00e4ftigen wir uns au\u00dferdem mit folgenden Themen:<br>Wie politisch sind Zebras?<br>Wie politisch ist Bahnfahren?<br>Wie politisch ist Motorenl\u00e4rm?<br>Wie politisch ist Frieden?<br>Und wie geht eigentlich W\u00e4hlen?<br>Kultur kommt aus dem H\u00e4usern Heimwerts &amp; Kirchmaus.&nbsp;<\/p>\n\n\n\n<p>RADIO PAX &#8211; das Bildungsradio aus Brandenburg. &nbsp;<br>Empfohlen f\u00fcr Schulfunk und Erwachsenenbildung.<br>Einschalten und schlauer werden.&nbsp;<br>RADIO PAX freut sich \u00fcber Postkarten an&nbsp;<a href=\"mailto:info@radio-pax.de\" target=\"_blank\" rel=\"noreferrer noopener\">info@radio-pax.de<\/a><\/p>\n","protected":false},"excerpt":{"rendered":"<p>\u00bbMobil im Spiel\u00ab &nbsp; Flink-Link zum nettstream:&nbsp;http:\/\/ice.rosebud-media.de:8000\/88vier RADIO PAX er\u00f6ffnet die Europ\u00e4ische Mobilit\u00e4tswoche in BRB.&nbsp;In der Sendung besch\u00e4ftigen wir uns au\u00dferdem mit folgenden Themen:Wie politisch sind Zebras?Wie politisch ist Bahnfahren?Wie politisch ist Motorenl\u00e4rm?Wie politisch ist Frieden?Und wie geht eigentlich W\u00e4hlen?Kultur kommt aus dem H\u00e4usern Heimwerts &amp; Kirchmaus.&nbsp; RADIO PAX &#8211; das Bildungsradio aus Brandenburg. &nbsp;Empfohlen [&hellip;]<\/p>\n","protected":false},"author":1,"featured_media":577,"comment_status":"open","ping_status":"open","sticky":false,"template":"","format":"standard","meta":{"footnotes":""},"categories":[1,21],"tags":[19,26],"class_list":["post-575","post","type-post","status-publish","format-standard","has-post-thumbnail","hentry","category-allgemein","category-sendung","tag-sendung","tag-wiederholung"],"_links":{"self":[{"href":"http:\/\/radio-pax.de\/blog\/wp-json\/wp\/v2\/posts\/575","targetHints":{"allow":["GET"]}}],"collection":[{"href":"http:\/\/radio-pax.de\/blog\/wp-json\/wp\/v2\/posts"}],"about":[{"href":"http:\/\/radio-pax.de\/blog\/wp-json\/wp\/v2\/types\/post"}],"author":[{"embeddable":true,"href":"http:\/\/radio-pax.de\/blog\/wp-json\/wp\/v2\/users\/1"}],"replies":[{"embeddable":true,"href":"http:\/\/radio-pax.de\/blog\/wp-json\/wp\/v2\/comments?post=575"}],"version-history":[{"count":1,"href":"http:\/\/radio-pax.de\/blog\/wp-json\/wp\/v2\/posts\/575\/revisions"}],"predecessor-version":[{"id":578,"href":"http:\/\/radio-pax.de\/blog\/wp-json\/wp\/v2\/posts\/575\/revisions\/578"}],"wp:featuredmedia":[{"embeddable":true,"href":"http:\/\/radio-pax.de\/blog\/wp-json\/wp\/v2\/media\/577"}],"wp:attachment":[{"href":"http:\/\/radio-pax.de\/blog\/wp-json\/wp\/v2\/media?parent=575"}],"wp:term":[{"taxonomy":"category","embeddable":true,"href":"http:\/\/radio-pax.de\/blog\/wp-json\/wp\/v2\/categories?post=575"},{"taxonomy":"post_tag","embeddable":true,"href":"http:\/\/radio-pax.de\/blog\/wp-json\/wp\/v2\/tags?post=575"}],"curies":[{"name":"wp","href":"https:\/\/api.w.org\/{rel}","templated":true}]}}