{"id":571,"date":"2024-09-15T07:07:57","date_gmt":"2024-09-15T05:07:57","guid":{"rendered":"http:\/\/radio-pax.de\/blog\/?p=571"},"modified":"2024-09-15T07:07:57","modified_gmt":"2024-09-15T05:07:57","slug":"radio-pax-sendet-wieder-am-16-09-24-17-19-uhr","status":"publish","type":"post","link":"http:\/\/radio-pax.de\/blog\/2024\/09\/15\/radio-pax-sendet-wieder-am-16-09-24-17-19-uhr\/","title":{"rendered":"Radio Pax sendet wieder am 16.09.24, 17-19 Uhr"},"content":{"rendered":"\n<p>Mit RADIO PAX mobil im Spiel. Am 16.9. von 17 bis 19 Uhr.&nbsp;&nbsp;<\/p>\n\n\n\n<p>RADIO PAX er\u00f6ffnet die Europ\u00e4ische Mobilit\u00e4tswoche.&nbsp;<br>Ihr erfahrt, was es damit auf sich hat.&nbsp;<br>In der Bollmannpassage, wo der Startschuss f\u00e4llt, k\u00f6nnt ihr das RADIO-PAX-Team besuchen. Zum H\u00e4ndesch\u00fcttln und Auf-die-Schulter-klopfen. Auf neudeutsch: zum meet&amp;greet. Au\u00dferdem auf dem Hof: Die Silent-Disco von und mit Herrn Klix &amp; Frau Schmidt. Seid dabei, kommt herbei.&nbsp;<\/p>\n\n\n\n<p>In der Sendung besch\u00e4ftigen wir uns au\u00dferdem mit folgenden Themen:&nbsp;<br>Wie politisch sind Zebras?&nbsp;&nbsp;<br>Wie politisch ist Bahnfahren?&nbsp;&nbsp;<br>Wie politisch ist Motorenl\u00e4rm?&nbsp;<br>Wie politisch ist Frieden?&nbsp;<br>Und wie geht eigentlich W\u00e4hlen?&nbsp;<br>F\u00fcr Musik sorgen Brother Moshe mit einem Lucky-Dube-special sowie DJ Omega.&nbsp;<br>Kultur kommt aus dem H\u00e4usern Heimwerts &amp; Kirchmaus.&nbsp;<\/p>\n\n\n\n<p>Flink-Link zum Nettstream:&nbsp;<a href=\"http:\/\/ice.rosebud-media.de:8000\/88vier\" target=\"_blank\" rel=\"noreferrer noopener\">http:\/\/ice.rosebud-media.de:8000\/88vier<\/a><br>RADIO PAX aus Brandenburg an der Havel.&nbsp;<br>Empfohlen f\u00fcr Schulfunk und Erwachsenenbildung.&nbsp;<br>Einschalten und schlauer werden.&nbsp;<br>Auch lobende Zuschriften sind gern gesehen<a href=\"mailto:info@radio-pax.de\" target=\"_blank\" rel=\"noreferrer noopener\">info@radio-pax.de<\/a><\/p>\n","protected":false},"excerpt":{"rendered":"<p>Mit RADIO PAX mobil im Spiel. Am 16.9. von 17 bis 19 Uhr.&nbsp;&nbsp; RADIO PAX er\u00f6ffnet die Europ\u00e4ische Mobilit\u00e4tswoche.&nbsp;Ihr erfahrt, was es damit auf sich hat.&nbsp;In der Bollmannpassage, wo der Startschuss f\u00e4llt, k\u00f6nnt ihr das RADIO-PAX-Team besuchen. Zum H\u00e4ndesch\u00fcttln und Auf-die-Schulter-klopfen. Auf neudeutsch: zum meet&amp;greet. Au\u00dferdem auf dem Hof: Die Silent-Disco von und mit Herrn [&hellip;]<\/p>\n","protected":false},"author":1,"featured_media":572,"comment_status":"open","ping_status":"open","sticky":false,"template":"","format":"standard","meta":{"footnotes":""},"categories":[1,21],"tags":[19],"class_list":["post-571","post","type-post","status-publish","format-standard","has-post-thumbnail","hentry","category-allgemein","category-sendung","tag-sendung"],"_links":{"self":[{"href":"http:\/\/radio-pax.de\/blog\/wp-json\/wp\/v2\/posts\/571","targetHints":{"allow":["GET"]}}],"collection":[{"href":"http:\/\/radio-pax.de\/blog\/wp-json\/wp\/v2\/posts"}],"about":[{"href":"http:\/\/radio-pax.de\/blog\/wp-json\/wp\/v2\/types\/post"}],"author":[{"embeddable":true,"href":"http:\/\/radio-pax.de\/blog\/wp-json\/wp\/v2\/users\/1"}],"replies":[{"embeddable":true,"href":"http:\/\/radio-pax.de\/blog\/wp-json\/wp\/v2\/comments?post=571"}],"version-history":[{"count":1,"href":"http:\/\/radio-pax.de\/blog\/wp-json\/wp\/v2\/posts\/571\/revisions"}],"predecessor-version":[{"id":573,"href":"http:\/\/radio-pax.de\/blog\/wp-json\/wp\/v2\/posts\/571\/revisions\/573"}],"wp:featuredmedia":[{"embeddable":true,"href":"http:\/\/radio-pax.de\/blog\/wp-json\/wp\/v2\/media\/572"}],"wp:attachment":[{"href":"http:\/\/radio-pax.de\/blog\/wp-json\/wp\/v2\/media?parent=571"}],"wp:term":[{"taxonomy":"category","embeddable":true,"href":"http:\/\/radio-pax.de\/blog\/wp-json\/wp\/v2\/categories?post=571"},{"taxonomy":"post_tag","embeddable":true,"href":"http:\/\/radio-pax.de\/blog\/wp-json\/wp\/v2\/tags?post=571"}],"curies":[{"name":"wp","href":"https:\/\/api.w.org\/{rel}","templated":true}]}}