{"id":558,"date":"2024-08-17T10:17:35","date_gmt":"2024-08-17T08:17:35","guid":{"rendered":"http:\/\/radio-pax.de\/blog\/?p=558"},"modified":"2024-08-17T10:17:35","modified_gmt":"2024-08-17T08:17:35","slug":"558","status":"publish","type":"post","link":"http:\/\/radio-pax.de\/blog\/2024\/08\/17\/558\/","title":{"rendered":""},"content":{"rendered":"\n<p>Alles muss raus.<\/p>\n\n\n\n<p>Unser Sendungsbewusstsein ist enorm.<\/p>\n\n\n\n<p>Wo andere in der Hitze br\u00fcten, behalten wir den k\u00fchlen Kopf und br\u00fcten die n\u00e4chsten Top-Themen aus.<\/p>\n\n\n\n<p>Und das sind die Themen am 19. August von 17-19 Uhr:<\/p>\n\n\n\n<p>&#8211; Wie geht Seenotrettung \u2013 und wie nicht?<\/p>\n\n\n\n<p>&#8211; Scharlatanerie oder Schurkenst\u00fcck \u2013 Politik vor Gericht.<\/p>\n\n\n\n<p>&#8211; Urlaub in der Platte \u2013 Balkontheater mit Bier und Gedicht.<\/p>\n\n\n\n<p>&#8211; Kleinkunst als Festival \u2013 der Septembervorbericht.<\/p>\n\n\n\n<p>&#8211; Wie man sich vor Sternenhagel sch\u00fctzt \u2013 werden blaue Kappen Pflicht?<\/p>\n\n\n\n<p>F\u00fcr Neugierige kommt ganz klar Eines nicht in Frage: Radio-Verzicht.<br>Flink-Link zum Nettstream:&nbsp;<a href=\"http:\/\/ice.rosebud-media.de:8000\/88vier\" target=\"_blank\" rel=\"noreferrer noopener\">http:\/\/ice.rosebud-media.de:8000\/88vier<\/a><br>RADIO PAX aus Brandenburg an der Havel.<br>Wie immer alles auf h\u00f6chstsommerlichem Niwoh.<\/p>\n\n\n\n<p>Empfohlen f\u00fcr Schulfunk und Erwachsenenbildung.<br>Einschalten und schlauer werden.<br>Auch lobende Zuschriften sind gern gesehen&nbsp;<a href=\"mailto:info@radio-pax.de\" target=\"_blank\" rel=\"noreferrer noopener\">info@radio-pax.de<\/a><br>Hassmails bitten wir auf den Herbst zu verschieben oder gener\u00f6s drauf zu verzichten.<\/p>\n\n\n\n<p><\/p>\n","protected":false},"excerpt":{"rendered":"<p>Alles muss raus. Unser Sendungsbewusstsein ist enorm. Wo andere in der Hitze br\u00fcten, behalten wir den k\u00fchlen Kopf und br\u00fcten die n\u00e4chsten Top-Themen aus. Und das sind die Themen am 19. August von 17-19 Uhr: &#8211; Wie geht Seenotrettung \u2013 und wie nicht? &#8211; Scharlatanerie oder Schurkenst\u00fcck \u2013 Politik vor Gericht. &#8211; Urlaub in der [&hellip;]<\/p>\n","protected":false},"author":1,"featured_media":559,"comment_status":"open","ping_status":"open","sticky":false,"template":"","format":"standard","meta":{"footnotes":""},"categories":[1,21],"tags":[19],"class_list":["post-558","post","type-post","status-publish","format-standard","has-post-thumbnail","hentry","category-allgemein","category-sendung","tag-sendung"],"_links":{"self":[{"href":"http:\/\/radio-pax.de\/blog\/wp-json\/wp\/v2\/posts\/558","targetHints":{"allow":["GET"]}}],"collection":[{"href":"http:\/\/radio-pax.de\/blog\/wp-json\/wp\/v2\/posts"}],"about":[{"href":"http:\/\/radio-pax.de\/blog\/wp-json\/wp\/v2\/types\/post"}],"author":[{"embeddable":true,"href":"http:\/\/radio-pax.de\/blog\/wp-json\/wp\/v2\/users\/1"}],"replies":[{"embeddable":true,"href":"http:\/\/radio-pax.de\/blog\/wp-json\/wp\/v2\/comments?post=558"}],"version-history":[{"count":1,"href":"http:\/\/radio-pax.de\/blog\/wp-json\/wp\/v2\/posts\/558\/revisions"}],"predecessor-version":[{"id":560,"href":"http:\/\/radio-pax.de\/blog\/wp-json\/wp\/v2\/posts\/558\/revisions\/560"}],"wp:featuredmedia":[{"embeddable":true,"href":"http:\/\/radio-pax.de\/blog\/wp-json\/wp\/v2\/media\/559"}],"wp:attachment":[{"href":"http:\/\/radio-pax.de\/blog\/wp-json\/wp\/v2\/media?parent=558"}],"wp:term":[{"taxonomy":"category","embeddable":true,"href":"http:\/\/radio-pax.de\/blog\/wp-json\/wp\/v2\/categories?post=558"},{"taxonomy":"post_tag","embeddable":true,"href":"http:\/\/radio-pax.de\/blog\/wp-json\/wp\/v2\/tags?post=558"}],"curies":[{"name":"wp","href":"https:\/\/api.w.org\/{rel}","templated":true}]}}