{"id":556,"date":"2024-08-10T15:27:08","date_gmt":"2024-08-10T13:27:08","guid":{"rendered":"http:\/\/radio-pax.de\/blog\/?p=556"},"modified":"2024-08-10T15:27:08","modified_gmt":"2024-08-10T13:27:08","slug":"radio-pax-whg-der-julisendung-am-12-08-von-2-4-uhr","status":"publish","type":"post","link":"http:\/\/radio-pax.de\/blog\/2024\/08\/10\/radio-pax-whg-der-julisendung-am-12-08-von-2-4-uhr\/","title":{"rendered":"RADIO PAX (Whg. der Julisendung) am 12.08. von 2-4 Uhr"},"content":{"rendered":"\n<p>RADIO PAX &#8211; Tanz der&nbsp;Mauersegler&nbsp;(Whg.)<br>Flink-Link zum Nettstream:&nbsp;<a href=\"http:\/\/ice.rosebud-media.de:8000\/88vier\" target=\"_blank\" rel=\"noreferrer noopener\">http:\/\/ice.rosebud-media.de:8000\/88vier<\/a>&nbsp;\u2013<\/p>\n\n\n\n<p>Ein Mauersegler allein \u2013 das wei\u00df man ja \u2013 macht noch keinen Apfelstrudel.<br>Dazu braucht es SOMMER. Und ein open-dreams-Kulturfestival Ende Juli.<\/p>\n\n\n\n<p>Wir berichten aber auch von der k\u00fcrzlich er\u00f6ffneten Paul-Goesch-Ausstellung, wir richten die Scheinwerfer auf die Postenverteilung im neugew\u00e4hlten Stadtparlament, wir belauschen die Pubertiere in Wald und Flur, und so dies und das\u2026<\/p>\n\n\n\n<p>RADIO PAX &#8211; das Bildungsradio aus Brandenburg. &nbsp;<br>Empfohlen f\u00fcr Schulfunk und Erwachsenenbildung.<br>Einschalten und schlauer werden.<br>RADIO PAX freut sich \u00fcber Postkarten an&nbsp;<a href=\"mailto:info@radio-pax.de\" target=\"_blank\" rel=\"noreferrer noopener\">info@radio-pax.de<\/a><\/p>\n","protected":false},"excerpt":{"rendered":"<p>RADIO PAX &#8211; Tanz der&nbsp;Mauersegler&nbsp;(Whg.)Flink-Link zum Nettstream:&nbsp;http:\/\/ice.rosebud-media.de:8000\/88vier&nbsp;\u2013 Ein Mauersegler allein \u2013 das wei\u00df man ja \u2013 macht noch keinen Apfelstrudel.Dazu braucht es SOMMER. Und ein open-dreams-Kulturfestival Ende Juli. Wir berichten aber auch von der k\u00fcrzlich er\u00f6ffneten Paul-Goesch-Ausstellung, wir richten die Scheinwerfer auf die Postenverteilung im neugew\u00e4hlten Stadtparlament, wir belauschen die Pubertiere in Wald und Flur, [&hellip;]<\/p>\n","protected":false},"author":1,"featured_media":553,"comment_status":"open","ping_status":"open","sticky":false,"template":"","format":"standard","meta":{"footnotes":""},"categories":[1,21],"tags":[19,26],"class_list":["post-556","post","type-post","status-publish","format-standard","has-post-thumbnail","hentry","category-allgemein","category-sendung","tag-sendung","tag-wiederholung"],"_links":{"self":[{"href":"http:\/\/radio-pax.de\/blog\/wp-json\/wp\/v2\/posts\/556","targetHints":{"allow":["GET"]}}],"collection":[{"href":"http:\/\/radio-pax.de\/blog\/wp-json\/wp\/v2\/posts"}],"about":[{"href":"http:\/\/radio-pax.de\/blog\/wp-json\/wp\/v2\/types\/post"}],"author":[{"embeddable":true,"href":"http:\/\/radio-pax.de\/blog\/wp-json\/wp\/v2\/users\/1"}],"replies":[{"embeddable":true,"href":"http:\/\/radio-pax.de\/blog\/wp-json\/wp\/v2\/comments?post=556"}],"version-history":[{"count":1,"href":"http:\/\/radio-pax.de\/blog\/wp-json\/wp\/v2\/posts\/556\/revisions"}],"predecessor-version":[{"id":557,"href":"http:\/\/radio-pax.de\/blog\/wp-json\/wp\/v2\/posts\/556\/revisions\/557"}],"wp:featuredmedia":[{"embeddable":true,"href":"http:\/\/radio-pax.de\/blog\/wp-json\/wp\/v2\/media\/553"}],"wp:attachment":[{"href":"http:\/\/radio-pax.de\/blog\/wp-json\/wp\/v2\/media?parent=556"}],"wp:term":[{"taxonomy":"category","embeddable":true,"href":"http:\/\/radio-pax.de\/blog\/wp-json\/wp\/v2\/categories?post=556"},{"taxonomy":"post_tag","embeddable":true,"href":"http:\/\/radio-pax.de\/blog\/wp-json\/wp\/v2\/tags?post=556"}],"curies":[{"name":"wp","href":"https:\/\/api.w.org\/{rel}","templated":true}]}}