{"id":552,"date":"2024-08-10T15:25:34","date_gmt":"2024-08-10T13:25:34","guid":{"rendered":"http:\/\/radio-pax.de\/blog\/?p=552"},"modified":"2024-08-10T15:25:34","modified_gmt":"2024-08-10T13:25:34","slug":"omega-orbit-omega-orbit-in-den-gaerten-am-12-08-von-0000-bis-0200-uhr","status":"publish","type":"post","link":"http:\/\/radio-pax.de\/blog\/2024\/08\/10\/omega-orbit-omega-orbit-in-den-gaerten-am-12-08-von-0000-bis-0200-uhr\/","title":{"rendered":"Omega-Orbit \u2013 Omega-Orbit: In den G\u00e4rten \u2013 am 12.08. von 00:00 bis 02:00 Uhr"},"content":{"rendered":"\n<p>Omega-Orbit: In den G\u00e4rten<br>Flink-Link zum Nettstream:&nbsp;<a href=\"http:\/\/ice.rosebud-media.de:8000\/88vier\" target=\"_blank\" rel=\"noreferrer noopener\">http:\/\/ice.rosebud-media.de:8000\/88vier<\/a>&nbsp;\u2013<\/p>\n\n\n\n<p>Omega vermeldet:<br>Diesmal lade ich Malermeister Sven zu einem Gastspiel ein.<br>Er hat ein goldenes H\u00e4ndchen f\u00fcr die Tapetenrolle mit den bitters\u00fc\u00dfen Motiven der Finsternis.<br>Und er verspricht wolkenwabernde \u00e4therische Songs und ketchuptriefende ElectronicBeatz.<br>Ein hinrei\u00dfendes Soundgebr\u00e4u f\u00fcr schwelgende Kopfh\u00f6rerfreaks \u2013 oder eben f\u00fcr Feriensommern\u00e4chte mit Sternschnuppen am Firmament. (Das haben wir extra so organisiert \u2026 Greift euch Iso-Matte und Mate-Latte\u2026 Die Perseiden sind die coolste gratis-Veranstaltung, seit es Ferien gibt.)&nbsp;<br>Auf die Ohren gibts u.a. Front 242, Deine Lakeien, Covenant und Psyche. Play it loud!<\/p>\n\n\n\n<p>Der Omega-Orbit auf&nbsp;<a href=\"http:\/\/frrapo.de\/\" target=\"_blank\" rel=\"noreferrer noopener\">frrapo.de<\/a>&nbsp;ist die Pforte in ein musikalisches Paralleluniversum.<br>\u00bbLustwandeln im Rosengarten der Kl\u00e4nge\u00ab<\/p>\n\n\n\n<p>Fragen zu Risiken und Nebenwirkungen sind zu richten an&nbsp;<a href=\"mailto:omega-orbit@gmx.de\" target=\"_blank\" rel=\"noreferrer noopener\">omega-orbit@gmx.de<\/a><\/p>\n\n\n\n<p><\/p>\n","protected":false},"excerpt":{"rendered":"<p>Omega-Orbit: In den G\u00e4rtenFlink-Link zum Nettstream:&nbsp;http:\/\/ice.rosebud-media.de:8000\/88vier&nbsp;\u2013 Omega vermeldet:Diesmal lade ich Malermeister Sven zu einem Gastspiel ein.Er hat ein goldenes H\u00e4ndchen f\u00fcr die Tapetenrolle mit den bitters\u00fc\u00dfen Motiven der Finsternis.Und er verspricht wolkenwabernde \u00e4therische Songs und ketchuptriefende ElectronicBeatz.Ein hinrei\u00dfendes Soundgebr\u00e4u f\u00fcr schwelgende Kopfh\u00f6rerfreaks \u2013 oder eben f\u00fcr Feriensommern\u00e4chte mit Sternschnuppen am Firmament. (Das haben wir extra [&hellip;]<\/p>\n","protected":false},"author":1,"featured_media":554,"comment_status":"open","ping_status":"open","sticky":false,"template":"","format":"standard","meta":{"footnotes":""},"categories":[1,22],"tags":[9],"class_list":["post-552","post","type-post","status-publish","format-standard","has-post-thumbnail","hentry","category-allgemein","category-omega-orbit","tag-omega-orbit"],"_links":{"self":[{"href":"http:\/\/radio-pax.de\/blog\/wp-json\/wp\/v2\/posts\/552","targetHints":{"allow":["GET"]}}],"collection":[{"href":"http:\/\/radio-pax.de\/blog\/wp-json\/wp\/v2\/posts"}],"about":[{"href":"http:\/\/radio-pax.de\/blog\/wp-json\/wp\/v2\/types\/post"}],"author":[{"embeddable":true,"href":"http:\/\/radio-pax.de\/blog\/wp-json\/wp\/v2\/users\/1"}],"replies":[{"embeddable":true,"href":"http:\/\/radio-pax.de\/blog\/wp-json\/wp\/v2\/comments?post=552"}],"version-history":[{"count":1,"href":"http:\/\/radio-pax.de\/blog\/wp-json\/wp\/v2\/posts\/552\/revisions"}],"predecessor-version":[{"id":555,"href":"http:\/\/radio-pax.de\/blog\/wp-json\/wp\/v2\/posts\/552\/revisions\/555"}],"wp:featuredmedia":[{"embeddable":true,"href":"http:\/\/radio-pax.de\/blog\/wp-json\/wp\/v2\/media\/554"}],"wp:attachment":[{"href":"http:\/\/radio-pax.de\/blog\/wp-json\/wp\/v2\/media?parent=552"}],"wp:term":[{"taxonomy":"category","embeddable":true,"href":"http:\/\/radio-pax.de\/blog\/wp-json\/wp\/v2\/categories?post=552"},{"taxonomy":"post_tag","embeddable":true,"href":"http:\/\/radio-pax.de\/blog\/wp-json\/wp\/v2\/tags?post=552"}],"curies":[{"name":"wp","href":"https:\/\/api.w.org\/{rel}","templated":true}]}}