{"id":548,"date":"2024-07-13T01:48:23","date_gmt":"2024-07-12T23:48:23","guid":{"rendered":"http:\/\/radio-pax.de\/blog\/?p=548"},"modified":"2024-07-13T01:48:23","modified_gmt":"2024-07-12T23:48:23","slug":"naechste-sendung-am-15-07-2024-von-17-19-uhr","status":"publish","type":"post","link":"http:\/\/radio-pax.de\/blog\/2024\/07\/13\/naechste-sendung-am-15-07-2024-von-17-19-uhr\/","title":{"rendered":"N\u00e4chste Sendung am 15.07.2024 von 17-19 Uhr"},"content":{"rendered":"\n<p>RADIO PAX sendet wieder am 15.7. von 17-19 Uhr<\/p>\n\n\n\n<p>Flink-Link zum Nettstream:&nbsp;<a href=\"http:\/\/ice.rosebud-media.de:8000\/88vier\" target=\"_blank\" rel=\"noreferrer noopener\">http:\/\/ice.rosebud-media.de:8000\/88vier<\/a><\/p>\n\n\n\n<p>Ein Mauersegler allein \u2013 das wei\u00df man ja \u2013 macht noch keinen Apfelstrudel.<br>Dazu braucht es SOMMER. Und ein open-dreams-Kulturfestival Ende Juli.<br>Um die Sonne brauchen wir uns gerade nicht k\u00fcmmern\u2026 \u00dcber das Fest vom 25.-28. reden wir mit den Organisatoren.<br>Wir berichten von der eben er\u00f6ffneten Paul-Goesch-Ausstellung,&nbsp;<br>wir beleuchten mit nem satten Nebellicht die Postenverteilung im neugew\u00e4hlten&nbsp; Stadtparlament,<br>wir belauschen die Pubertiere in Wald und Flur der anstehenden Sommerferien.&nbsp;<\/p>\n\n\n\n<p>Wie immer gilt: Einschalten und schlauer werden.<\/p>\n\n\n\n<p>RADIO PAX aus Brandenburg an der Havel.&nbsp;<br>Empfohlen f\u00fcr Schulfunk und Erwachsenenbildung.&nbsp;<br>Ernstgemeinte Zuschriften wie immer an&nbsp;<a href=\"mailto:info@radio-pax.de\" target=\"_blank\" rel=\"noreferrer noopener\">info@radio-pax.de<\/a><\/p>\n","protected":false},"excerpt":{"rendered":"<p>RADIO PAX sendet wieder am 15.7. von 17-19 Uhr Flink-Link zum Nettstream:&nbsp;http:\/\/ice.rosebud-media.de:8000\/88vier Ein Mauersegler allein \u2013 das wei\u00df man ja \u2013 macht noch keinen Apfelstrudel.Dazu braucht es SOMMER. Und ein open-dreams-Kulturfestival Ende Juli.Um die Sonne brauchen wir uns gerade nicht k\u00fcmmern\u2026 \u00dcber das Fest vom 25.-28. reden wir mit den Organisatoren.Wir berichten von der eben [&hellip;]<\/p>\n","protected":false},"author":1,"featured_media":549,"comment_status":"open","ping_status":"open","sticky":false,"template":"","format":"standard","meta":{"footnotes":""},"categories":[1,21],"tags":[19,11],"class_list":["post-548","post","type-post","status-publish","format-standard","has-post-thumbnail","hentry","category-allgemein","category-sendung","tag-sendung","tag-veranstaltung"],"_links":{"self":[{"href":"http:\/\/radio-pax.de\/blog\/wp-json\/wp\/v2\/posts\/548","targetHints":{"allow":["GET"]}}],"collection":[{"href":"http:\/\/radio-pax.de\/blog\/wp-json\/wp\/v2\/posts"}],"about":[{"href":"http:\/\/radio-pax.de\/blog\/wp-json\/wp\/v2\/types\/post"}],"author":[{"embeddable":true,"href":"http:\/\/radio-pax.de\/blog\/wp-json\/wp\/v2\/users\/1"}],"replies":[{"embeddable":true,"href":"http:\/\/radio-pax.de\/blog\/wp-json\/wp\/v2\/comments?post=548"}],"version-history":[{"count":1,"href":"http:\/\/radio-pax.de\/blog\/wp-json\/wp\/v2\/posts\/548\/revisions"}],"predecessor-version":[{"id":550,"href":"http:\/\/radio-pax.de\/blog\/wp-json\/wp\/v2\/posts\/548\/revisions\/550"}],"wp:featuredmedia":[{"embeddable":true,"href":"http:\/\/radio-pax.de\/blog\/wp-json\/wp\/v2\/media\/549"}],"wp:attachment":[{"href":"http:\/\/radio-pax.de\/blog\/wp-json\/wp\/v2\/media?parent=548"}],"wp:term":[{"taxonomy":"category","embeddable":true,"href":"http:\/\/radio-pax.de\/blog\/wp-json\/wp\/v2\/categories?post=548"},{"taxonomy":"post_tag","embeddable":true,"href":"http:\/\/radio-pax.de\/blog\/wp-json\/wp\/v2\/tags?post=548"}],"curies":[{"name":"wp","href":"https:\/\/api.w.org\/{rel}","templated":true}]}}