{"id":525,"date":"2024-06-07T17:11:47","date_gmt":"2024-06-07T15:11:47","guid":{"rendered":"http:\/\/radio-pax.de\/blog\/?p=525"},"modified":"2024-06-07T17:16:19","modified_gmt":"2024-06-07T15:16:19","slug":"radio-pax-whg-der-maisendung-am-11-05-von-2-4-uhr","status":"publish","type":"post","link":"http:\/\/radio-pax.de\/blog\/2024\/06\/07\/radio-pax-whg-der-maisendung-am-11-05-von-2-4-uhr\/","title":{"rendered":"RADIO PAX (Whg. der Maisendung) am 11.06. von 2-4 Uhr"},"content":{"rendered":"\n<p>Montag\/Dienstag Nacht von 2-4 Uhr wird die Vorwahlnummer von RADIO PAX wiederholt.<br>Wir lassen euch noch einmal abstimmen \u00fcber den besten Beitrag der Sendung.<\/p>\n\n\n\n<p>Es gibt ein Gespr\u00e4ch mit Sonja Eichwede;<br>der olle Goethe kiekt vom Sockel; und im Garten phisolofieren wir \u00fcber das&nbsp;Anthropoz\u00e4n \u2013 also der Umformung (vielleicht besser: \u00dcberformung) der Erde durch den Menschen..<br>Oder wie w\u00e4r&#8217;s mit einer z\u00fcnftigen Supernova?<\/p>\n\n\n\n<p>Hier ist Flink-Link zum nettstream:&nbsp;<a href=\"http:\/\/ice.rosebud-media.de:8000\/88vier\" target=\"_blank\" rel=\"noreferrer noopener\">http:\/\/ice.rosebud-media.de:8000\/88vier<\/a><br>Ihr k\u00f6nnt auch DAB+ Kanal 12 einschalten.<\/p>\n\n\n\n<p>Ihr habt die Wahl. Die Vorwahl n\u00e4mlich. Auch hinterher noch.<br>Stimmt flei\u00dfig \u00fcber eure Lieblingsbeitr\u00e4ge ab unter&nbsp;<a href=\"mailto:info@radio-pax.de\" target=\"_blank\" rel=\"noreferrer noopener\">info@radio-pax.de<\/a><\/p>\n\n\n\n<p>RADIO PAX aus Brandenburg an der Havel.<br>Antirassistisch, multikulturell und integrativ.<br>Empfohlen f\u00fcr Schulfunk und Erwachsenenbildung.<br>Einschalten und schlauer werden.<\/p>\n\n\n\n<p>Ernstgemeinte Zuschriften wie immer an&nbsp;<a href=\"mailto:info@radio-pax.de\" target=\"_blank\" rel=\"noreferrer noopener\">info@radio-pax.de<\/a><\/p>\n","protected":false},"excerpt":{"rendered":"<p>Montag\/Dienstag Nacht von 2-4 Uhr wird die Vorwahlnummer von RADIO PAX wiederholt.Wir lassen euch noch einmal abstimmen \u00fcber den besten Beitrag der Sendung. Es gibt ein Gespr\u00e4ch mit Sonja Eichwede;der olle Goethe kiekt vom Sockel; und im Garten phisolofieren wir \u00fcber das&nbsp;Anthropoz\u00e4n \u2013 also der Umformung (vielleicht besser: \u00dcberformung) der Erde durch den Menschen..Oder wie [&hellip;]<\/p>\n","protected":false},"author":1,"featured_media":521,"comment_status":"open","ping_status":"open","sticky":false,"template":"","format":"standard","meta":{"footnotes":""},"categories":[1,21],"tags":[19],"class_list":["post-525","post","type-post","status-publish","format-standard","has-post-thumbnail","hentry","category-allgemein","category-sendung","tag-sendung"],"_links":{"self":[{"href":"http:\/\/radio-pax.de\/blog\/wp-json\/wp\/v2\/posts\/525","targetHints":{"allow":["GET"]}}],"collection":[{"href":"http:\/\/radio-pax.de\/blog\/wp-json\/wp\/v2\/posts"}],"about":[{"href":"http:\/\/radio-pax.de\/blog\/wp-json\/wp\/v2\/types\/post"}],"author":[{"embeddable":true,"href":"http:\/\/radio-pax.de\/blog\/wp-json\/wp\/v2\/users\/1"}],"replies":[{"embeddable":true,"href":"http:\/\/radio-pax.de\/blog\/wp-json\/wp\/v2\/comments?post=525"}],"version-history":[{"count":2,"href":"http:\/\/radio-pax.de\/blog\/wp-json\/wp\/v2\/posts\/525\/revisions"}],"predecessor-version":[{"id":533,"href":"http:\/\/radio-pax.de\/blog\/wp-json\/wp\/v2\/posts\/525\/revisions\/533"}],"wp:featuredmedia":[{"embeddable":true,"href":"http:\/\/radio-pax.de\/blog\/wp-json\/wp\/v2\/media\/521"}],"wp:attachment":[{"href":"http:\/\/radio-pax.de\/blog\/wp-json\/wp\/v2\/media?parent=525"}],"wp:term":[{"taxonomy":"category","embeddable":true,"href":"http:\/\/radio-pax.de\/blog\/wp-json\/wp\/v2\/categories?post=525"},{"taxonomy":"post_tag","embeddable":true,"href":"http:\/\/radio-pax.de\/blog\/wp-json\/wp\/v2\/tags?post=525"}],"curies":[{"name":"wp","href":"https:\/\/api.w.org\/{rel}","templated":true}]}}