{"id":516,"date":"2024-05-18T13:29:28","date_gmt":"2024-05-18T11:29:28","guid":{"rendered":"http:\/\/radio-pax.de\/blog\/?p=516"},"modified":"2024-05-18T13:29:28","modified_gmt":"2024-05-18T11:29:28","slug":"naechste-sendung-am-20-05-2024-von-17-19-uhr","status":"publish","type":"post","link":"http:\/\/radio-pax.de\/blog\/2024\/05\/18\/naechste-sendung-am-20-05-2024-von-17-19-uhr\/","title":{"rendered":"N\u00e4chste Sendung am 20.05.2024 von 17-19 Uhr"},"content":{"rendered":"\n<p>Am Montag, den 20. Mai, gibt es die RADIO PAX Vorwahlnummer zum Mitschreiben.<br>Das Zeitfenster zum Aktiv-Werden ist wie immer 17-19 Uhr.<\/p>\n\n\n\n<p>Hier ist Flink-Link zum nettstream:&nbsp;<a href=\"http:\/\/ice.rosebud-media.de:8000\/88vier\" target=\"_blank\" rel=\"noreferrer noopener\">http:\/\/ice.rosebud-media.de:8000\/88vier<\/a><br>Ihr k\u00f6nnt auch DAB+ Kanal 12 einschalten.<\/p>\n\n\n\n<p>Es gibt ein Gespr\u00e4ch mit Sonja Eichwede; unsere USA-BRB-Connection geht mir dem \u00bbReggae-Roadblock\u00ab in die 3. Runde;<br>der olle G\u00f6the kiekt vom Sockel; und im Garten kr\u00e4ht der Gockel.<br>Wie w\u00e4rs mit einer z\u00fcnftigen Supernova?<\/p>\n\n\n\n<p>Ihr habt die Wahl. Die Vorwahl n\u00e4mlich.<br>Stimmt flei\u00dfig \u00fcber eure Lieblingsbeitr\u00e4ge ab unter&nbsp;<a href=\"mailto:info@radio-pax.de\" target=\"_blank\" rel=\"noreferrer noopener\">info@radio-pax.de<\/a><\/p>\n\n\n\n<p>RADIO PAX aus Brandenburg an der Havel.<br>Antirassistisch, multikulturell und integrativ.<br>Empfohlen f\u00fcr Schulfunk und Erwachsenenbildung.<br>Einschalten und schlauer werden.<\/p>\n\n\n\n<p>Ernstgemeinte Zuschriften wie immer an&nbsp;<a href=\"mailto:info@radio-pax.de\" target=\"_blank\" rel=\"noreferrer noopener\">info@radio-pax.de<\/a><\/p>\n","protected":false},"excerpt":{"rendered":"<p>Am Montag, den 20. Mai, gibt es die RADIO PAX Vorwahlnummer zum Mitschreiben.Das Zeitfenster zum Aktiv-Werden ist wie immer 17-19 Uhr. Hier ist Flink-Link zum nettstream:&nbsp;http:\/\/ice.rosebud-media.de:8000\/88vierIhr k\u00f6nnt auch DAB+ Kanal 12 einschalten. Es gibt ein Gespr\u00e4ch mit Sonja Eichwede; unsere USA-BRB-Connection geht mir dem \u00bbReggae-Roadblock\u00ab in die 3. Runde;der olle G\u00f6the kiekt vom Sockel; und [&hellip;]<\/p>\n","protected":false},"author":1,"featured_media":517,"comment_status":"open","ping_status":"open","sticky":false,"template":"","format":"standard","meta":{"footnotes":""},"categories":[1,21],"tags":[19],"class_list":["post-516","post","type-post","status-publish","format-standard","has-post-thumbnail","hentry","category-allgemein","category-sendung","tag-sendung"],"_links":{"self":[{"href":"http:\/\/radio-pax.de\/blog\/wp-json\/wp\/v2\/posts\/516","targetHints":{"allow":["GET"]}}],"collection":[{"href":"http:\/\/radio-pax.de\/blog\/wp-json\/wp\/v2\/posts"}],"about":[{"href":"http:\/\/radio-pax.de\/blog\/wp-json\/wp\/v2\/types\/post"}],"author":[{"embeddable":true,"href":"http:\/\/radio-pax.de\/blog\/wp-json\/wp\/v2\/users\/1"}],"replies":[{"embeddable":true,"href":"http:\/\/radio-pax.de\/blog\/wp-json\/wp\/v2\/comments?post=516"}],"version-history":[{"count":1,"href":"http:\/\/radio-pax.de\/blog\/wp-json\/wp\/v2\/posts\/516\/revisions"}],"predecessor-version":[{"id":518,"href":"http:\/\/radio-pax.de\/blog\/wp-json\/wp\/v2\/posts\/516\/revisions\/518"}],"wp:featuredmedia":[{"embeddable":true,"href":"http:\/\/radio-pax.de\/blog\/wp-json\/wp\/v2\/media\/517"}],"wp:attachment":[{"href":"http:\/\/radio-pax.de\/blog\/wp-json\/wp\/v2\/media?parent=516"}],"wp:term":[{"taxonomy":"category","embeddable":true,"href":"http:\/\/radio-pax.de\/blog\/wp-json\/wp\/v2\/categories?post=516"},{"taxonomy":"post_tag","embeddable":true,"href":"http:\/\/radio-pax.de\/blog\/wp-json\/wp\/v2\/tags?post=516"}],"curies":[{"name":"wp","href":"https:\/\/api.w.org\/{rel}","templated":true}]}}