{"id":514,"date":"2024-05-11T14:16:50","date_gmt":"2024-05-11T12:16:50","guid":{"rendered":"http:\/\/radio-pax.de\/blog\/?p=514"},"modified":"2024-05-11T14:16:50","modified_gmt":"2024-05-11T12:16:50","slug":"radio-pax-whg-der-aprilsendung-am-14-05-von-2-4-uhr","status":"publish","type":"post","link":"http:\/\/radio-pax.de\/blog\/2024\/05\/11\/radio-pax-whg-der-aprilsendung-am-14-05-von-2-4-uhr\/","title":{"rendered":"RADIO PAX (Whg. der Aprilsendung) am 14.05. von 2-4 Uhr"},"content":{"rendered":"\n<p>Die Wiederholung der letzten RADIO PAX-Sendung aus Brandenburg bringt es an den Tag:<br>in der kommenden Montag-zu-Dienstag-Nacht, von 2-4 Uhr<\/p>\n\n\n\n<p>Live aus dem antifaschistischen Streichelzoo kommt der ultimative Muntermacher f\u00fcr Sp\u00e4taufsteher.<br>Flink-Link zum Mitstreicheln:&nbsp;<a href=\"http:\/\/ice.rosebud-media.de:8000\/88vier\" target=\"_blank\" rel=\"noreferrer noopener\">http:\/\/ice.rosebud-media.de:8000\/88vier<\/a><\/p>\n\n\n\n<p>RADIO PAX ruft: April April ! (Mai ging ja noch nicht\u2026)<\/p>\n\n\n\n<p>Unsere Wildtierkamera macht eine sensationelle Entdeckung im Garten vor unserer Sommerlaube. (Siehe Bild)<br>\u00c0 propos: Wie geht klimaangepasstes G\u00e4rtnern? Damit ihr in euren Schreberg\u00e4rten weniger Unfug macht\u2026<br>Au\u00dferdem: Viele aktuelle Kulturtips und Gespr\u00e4che mit den K\u00fcnstlern.<br>Wie immer international, interkulturell und interdisziplin\u00e4r.<\/p>\n\n\n\n<p>RADIO PAX aus Brandenburg an der Havel.<br>Empfohlen f\u00fcr Schulfunk und Erwachsenenbildung.<br>Einschalten und schlauer werden.<\/p>\n\n\n\n<p>Ernstgemeinte Zuschriften wie immer an&nbsp;<a href=\"mailto:info@radio-pax.de\" target=\"_blank\" rel=\"noreferrer noopener\">info@radio-pax.de<\/a><\/p>\n","protected":false},"excerpt":{"rendered":"<p>Die Wiederholung der letzten RADIO PAX-Sendung aus Brandenburg bringt es an den Tag:in der kommenden Montag-zu-Dienstag-Nacht, von 2-4 Uhr Live aus dem antifaschistischen Streichelzoo kommt der ultimative Muntermacher f\u00fcr Sp\u00e4taufsteher.Flink-Link zum Mitstreicheln:&nbsp;http:\/\/ice.rosebud-media.de:8000\/88vier RADIO PAX ruft: April April ! (Mai ging ja noch nicht\u2026) Unsere Wildtierkamera macht eine sensationelle Entdeckung im Garten vor unserer Sommerlaube. (Siehe [&hellip;]<\/p>\n","protected":false},"author":1,"featured_media":511,"comment_status":"open","ping_status":"open","sticky":false,"template":"","format":"standard","meta":{"footnotes":""},"categories":[1,21],"tags":[19,26],"class_list":["post-514","post","type-post","status-publish","format-standard","has-post-thumbnail","hentry","category-allgemein","category-sendung","tag-sendung","tag-wiederholung"],"_links":{"self":[{"href":"http:\/\/radio-pax.de\/blog\/wp-json\/wp\/v2\/posts\/514","targetHints":{"allow":["GET"]}}],"collection":[{"href":"http:\/\/radio-pax.de\/blog\/wp-json\/wp\/v2\/posts"}],"about":[{"href":"http:\/\/radio-pax.de\/blog\/wp-json\/wp\/v2\/types\/post"}],"author":[{"embeddable":true,"href":"http:\/\/radio-pax.de\/blog\/wp-json\/wp\/v2\/users\/1"}],"replies":[{"embeddable":true,"href":"http:\/\/radio-pax.de\/blog\/wp-json\/wp\/v2\/comments?post=514"}],"version-history":[{"count":1,"href":"http:\/\/radio-pax.de\/blog\/wp-json\/wp\/v2\/posts\/514\/revisions"}],"predecessor-version":[{"id":515,"href":"http:\/\/radio-pax.de\/blog\/wp-json\/wp\/v2\/posts\/514\/revisions\/515"}],"wp:featuredmedia":[{"embeddable":true,"href":"http:\/\/radio-pax.de\/blog\/wp-json\/wp\/v2\/media\/511"}],"wp:attachment":[{"href":"http:\/\/radio-pax.de\/blog\/wp-json\/wp\/v2\/media?parent=514"}],"wp:term":[{"taxonomy":"category","embeddable":true,"href":"http:\/\/radio-pax.de\/blog\/wp-json\/wp\/v2\/categories?post=514"},{"taxonomy":"post_tag","embeddable":true,"href":"http:\/\/radio-pax.de\/blog\/wp-json\/wp\/v2\/tags?post=514"}],"curies":[{"name":"wp","href":"https:\/\/api.w.org\/{rel}","templated":true}]}}