{"id":506,"date":"2024-04-13T11:20:22","date_gmt":"2024-04-13T09:20:22","guid":{"rendered":"http:\/\/radio-pax.de\/blog\/?p=506"},"modified":"2024-04-13T11:20:22","modified_gmt":"2024-04-13T09:20:22","slug":"naechste-sendung-am-15-04-2024-von-17-19-uhr","status":"publish","type":"post","link":"http:\/\/radio-pax.de\/blog\/2024\/04\/13\/naechste-sendung-am-15-04-2024-von-17-19-uhr\/","title":{"rendered":"N\u00e4chste Sendung am 15.04.2024 von 17-19 Uhr"},"content":{"rendered":"\n<p>Hallo Freunde des antifaschistischen Streichelzoos<\/p>\n\n\n\n<p>RADIO PAX sendet wieder am 15. April von 17-19 Uhr<\/p>\n\n\n\n<p>Flink-Link zum Mitentdecken:&nbsp;<a href=\"http:\/\/ice.rosebud-media.de:8000\/88vier\" target=\"_blank\" rel=\"noreferrer noopener\">http:\/\/ice.rosebud-media.de:8000\/88vier<\/a><\/p>\n\n\n\n<p>RADIO PAX ruft: April April !<\/p>\n\n\n\n<p>Unsere Wildtierkamera macht eine sensationelle Entdeckung im Garten vor unserer Sommerlaube. (Siehe Bild)<\/p>\n\n\n\n<p>\u00c0 propos: Wie geht klimaangepasstes G\u00e4rtnern? Damit ihr in euren Schreberg\u00e4rten weniger Unfug macht\u2026<br><br>Au\u00dferdem: Viele aktuelle Kulturtips und Gespr\u00e4che mit den K\u00fcnstlern.&nbsp;<\/p>\n\n\n\n<p>(Nicht verpassen: Duo K\u00fcchenfolk 17.4. Menzels Garage,<\/p>\n\n\n\n<p>\u00bbBossa-jazz\u00ab Konzert mit Lisa Zenner am 20.4. im Fonte,&nbsp;<\/p>\n\n\n\n<p><a href=\"http:\/\/www.extrachorbrandenburg.de\/Aktuelles\" target=\"_blank\" rel=\"noreferrer noopener\">www.extrachorbrandenburg.de\/Aktuelles<\/a>&nbsp;&#8211; Max-Josef-Metzger-Oratorium am 21.4. im Zuchthaus BRB<\/p>\n\n\n\n<p>Christian Grosch &#8211; Offenes Fenster 26.4.)<br><br>Wie immer international, interkulturell und interdisziplin\u00e4r.<\/p>\n\n\n\n<p>RADIO PAX aus Brandenburg an der Havel.<br>Empfohlen f\u00fcr Schulfunk und Erwachsenenbildung.<br>Einschalten und schlauer werden.<br>Ernstgemeinte Zuschriften wie immer an&nbsp;<a href=\"mailto:info@radio-pax.de\" target=\"_blank\" rel=\"noreferrer noopener\">info@radio-pax.de<\/a><\/p>\n","protected":false},"excerpt":{"rendered":"<p>Hallo Freunde des antifaschistischen Streichelzoos RADIO PAX sendet wieder am 15. April von 17-19 Uhr Flink-Link zum Mitentdecken:&nbsp;http:\/\/ice.rosebud-media.de:8000\/88vier RADIO PAX ruft: April April ! Unsere Wildtierkamera macht eine sensationelle Entdeckung im Garten vor unserer Sommerlaube. (Siehe Bild) \u00c0 propos: Wie geht klimaangepasstes G\u00e4rtnern? Damit ihr in euren Schreberg\u00e4rten weniger Unfug macht\u2026 Au\u00dferdem: Viele aktuelle Kulturtips [&hellip;]<\/p>\n","protected":false},"author":1,"featured_media":507,"comment_status":"open","ping_status":"open","sticky":false,"template":"","format":"standard","meta":{"footnotes":""},"categories":[1,21],"tags":[19],"class_list":["post-506","post","type-post","status-publish","format-standard","has-post-thumbnail","hentry","category-allgemein","category-sendung","tag-sendung"],"_links":{"self":[{"href":"http:\/\/radio-pax.de\/blog\/wp-json\/wp\/v2\/posts\/506","targetHints":{"allow":["GET"]}}],"collection":[{"href":"http:\/\/radio-pax.de\/blog\/wp-json\/wp\/v2\/posts"}],"about":[{"href":"http:\/\/radio-pax.de\/blog\/wp-json\/wp\/v2\/types\/post"}],"author":[{"embeddable":true,"href":"http:\/\/radio-pax.de\/blog\/wp-json\/wp\/v2\/users\/1"}],"replies":[{"embeddable":true,"href":"http:\/\/radio-pax.de\/blog\/wp-json\/wp\/v2\/comments?post=506"}],"version-history":[{"count":1,"href":"http:\/\/radio-pax.de\/blog\/wp-json\/wp\/v2\/posts\/506\/revisions"}],"predecessor-version":[{"id":508,"href":"http:\/\/radio-pax.de\/blog\/wp-json\/wp\/v2\/posts\/506\/revisions\/508"}],"wp:featuredmedia":[{"embeddable":true,"href":"http:\/\/radio-pax.de\/blog\/wp-json\/wp\/v2\/media\/507"}],"wp:attachment":[{"href":"http:\/\/radio-pax.de\/blog\/wp-json\/wp\/v2\/media?parent=506"}],"wp:term":[{"taxonomy":"category","embeddable":true,"href":"http:\/\/radio-pax.de\/blog\/wp-json\/wp\/v2\/categories?post=506"},{"taxonomy":"post_tag","embeddable":true,"href":"http:\/\/radio-pax.de\/blog\/wp-json\/wp\/v2\/tags?post=506"}],"curies":[{"name":"wp","href":"https:\/\/api.w.org\/{rel}","templated":true}]}}