{"id":504,"date":"2024-04-06T01:22:42","date_gmt":"2024-04-05T23:22:42","guid":{"rendered":"http:\/\/radio-pax.de\/blog\/?p=504"},"modified":"2024-04-06T01:22:42","modified_gmt":"2024-04-05T23:22:42","slug":"radio-pax-whg-der-maerzsendung-am-09-04-von-2-4-uhr","status":"publish","type":"post","link":"http:\/\/radio-pax.de\/blog\/2024\/04\/06\/radio-pax-whg-der-maerzsendung-am-09-04-von-2-4-uhr\/","title":{"rendered":"RADIO PAX (Whg. der M\u00e4rzsendung) am 09.04. von 2-4 Uhr"},"content":{"rendered":"\n<p>Wer die letzte RADIO PAX-Sendung verbasselt hat, kann das jetzt als REM-Phasen-Verschiebung erleben:<br>Kommenden Montag zu Dienstag Nacht, von 2-4 Uhr<br>Flink-Link zum Webstream:&nbsp;<a href=\"http:\/\/ice.rosebud-media.de:8000\/88vier\" target=\"_blank\" rel=\"noreferrer noopener\">http:\/\/ice.rosebud-media.de:8000\/88vier<\/a><\/p>\n\n\n\n<p>RADIO PAX kritisiert: B\u00fcldung und Erziehung (Whg.)<\/p>\n\n\n\n<p>Aus dem Programm:<br>&#8211; Probleme des BRD-B\u00fcldungswesens. Blutleer zur Klausur.<br>&#8211; Lesen die Kinder noch? Denn wer n\u00fcscht wee\u00df, riecht wie&#8217;n K\u00e4\u00e4s.<br>&#8211; Die Wild-Bienen kommen! Bl\u00fctenanstich dieses Wochenende.<br>&#8211; Nachhaltiger G\u00fcterverkehr. Gewusst wie &#8211; aber richtig!<\/p>\n\n\n\n<p>RADIO PAX aus Brandenburg an der Havel.<\/p>\n\n\n\n<p>Empfohlen f\u00fcr Schulfunk und Erwachsenenbildung.<\/p>\n\n\n\n<p>Einschalten und schlauer werden.<br>Ernstgemeinte Zuschriften wie immer an&nbsp;<a href=\"mailto:info@radio-pax.de\" target=\"_blank\" rel=\"noreferrer noopener\">info@radio-pax.de<\/a><\/p>\n","protected":false},"excerpt":{"rendered":"<p>Wer die letzte RADIO PAX-Sendung verbasselt hat, kann das jetzt als REM-Phasen-Verschiebung erleben:Kommenden Montag zu Dienstag Nacht, von 2-4 UhrFlink-Link zum Webstream:&nbsp;http:\/\/ice.rosebud-media.de:8000\/88vier RADIO PAX kritisiert: B\u00fcldung und Erziehung (Whg.) Aus dem Programm:&#8211; Probleme des BRD-B\u00fcldungswesens. Blutleer zur Klausur.&#8211; Lesen die Kinder noch? Denn wer n\u00fcscht wee\u00df, riecht wie&#8217;n K\u00e4\u00e4s.&#8211; Die Wild-Bienen kommen! Bl\u00fctenanstich dieses Wochenende.&#8211; [&hellip;]<\/p>\n","protected":false},"author":1,"featured_media":499,"comment_status":"open","ping_status":"open","sticky":false,"template":"","format":"standard","meta":{"footnotes":""},"categories":[1,21],"tags":[19,26],"class_list":["post-504","post","type-post","status-publish","format-standard","has-post-thumbnail","hentry","category-allgemein","category-sendung","tag-sendung","tag-wiederholung"],"_links":{"self":[{"href":"http:\/\/radio-pax.de\/blog\/wp-json\/wp\/v2\/posts\/504","targetHints":{"allow":["GET"]}}],"collection":[{"href":"http:\/\/radio-pax.de\/blog\/wp-json\/wp\/v2\/posts"}],"about":[{"href":"http:\/\/radio-pax.de\/blog\/wp-json\/wp\/v2\/types\/post"}],"author":[{"embeddable":true,"href":"http:\/\/radio-pax.de\/blog\/wp-json\/wp\/v2\/users\/1"}],"replies":[{"embeddable":true,"href":"http:\/\/radio-pax.de\/blog\/wp-json\/wp\/v2\/comments?post=504"}],"version-history":[{"count":1,"href":"http:\/\/radio-pax.de\/blog\/wp-json\/wp\/v2\/posts\/504\/revisions"}],"predecessor-version":[{"id":505,"href":"http:\/\/radio-pax.de\/blog\/wp-json\/wp\/v2\/posts\/504\/revisions\/505"}],"wp:featuredmedia":[{"embeddable":true,"href":"http:\/\/radio-pax.de\/blog\/wp-json\/wp\/v2\/media\/499"}],"wp:attachment":[{"href":"http:\/\/radio-pax.de\/blog\/wp-json\/wp\/v2\/media?parent=504"}],"wp:term":[{"taxonomy":"category","embeddable":true,"href":"http:\/\/radio-pax.de\/blog\/wp-json\/wp\/v2\/categories?post=504"},{"taxonomy":"post_tag","embeddable":true,"href":"http:\/\/radio-pax.de\/blog\/wp-json\/wp\/v2\/tags?post=504"}],"curies":[{"name":"wp","href":"https:\/\/api.w.org\/{rel}","templated":true}]}}