{"id":492,"date":"2024-03-18T13:11:35","date_gmt":"2024-03-18T12:11:35","guid":{"rendered":"http:\/\/radio-pax.de\/blog\/?p=492"},"modified":"2024-03-18T13:12:21","modified_gmt":"2024-03-18T12:12:21","slug":"naechste-sendung-am-18-03-2024-von-17-19-uhr","status":"publish","type":"post","link":"http:\/\/radio-pax.de\/blog\/2024\/03\/18\/naechste-sendung-am-18-03-2024-von-17-19-uhr\/","title":{"rendered":"N\u00e4chste Sendung am 18.03.2024 von 17-19 Uhr"},"content":{"rendered":"\n<p>RADIO PAX sendet wieder am 18. M\u00e4rz von 17-19 Uhr<\/p>\n\n\n\n<p>Flink-Link zum H\u00f6rbuch:&nbsp;<a href=\"http:\/\/ice.rosebud-media.de:8000\/88vier\" target=\"_blank\" rel=\"noreferrer noopener\">http:\/\/ice.rosebud-media.de:8000\/88vier<\/a><\/p>\n\n\n\n<p>RADIO PAX kritisiert: B\u00fcldung &amp; Erziehung<\/p>\n\n\n\n<p>Getreu unserem Motto \u00bbEinschalten und schlauer werden\u00ab besch\u00e4ftigen wir uns heute u.a. mit einigen Problemen des BRD-B\u00fcldungswesens.&nbsp;<\/p>\n\n\n\n<p>Und weil Lesen b\u00fcldet, wie jeder Schlauberger wei\u00df, fragen wir auch diejenigen, die im t\u00e4glichen Stra\u00dfenkampf darum ringen, das gute Buch an den Nachwuchs zu bringen.&nbsp;<\/p>\n\n\n\n<p>Denn wer n\u00fcscht wee\u00df, riecht wie&#8217;n K\u00e4\u00e4s.<\/p>\n\n\n\n<p>Wir stellen vor: Die Wild-Biene des Jahres.&nbsp;<\/p>\n\n\n\n<p>Wir schlagen vor: Nachhaltigen G\u00fcterverkehr.&nbsp;<\/p>\n\n\n\n<p>Wir treten vor: zur Dub-Revolution.<\/p>\n\n\n\n<p>RADIO PAX gibt sich also wieder alle M\u00fche, den Wissensdurst der geneigten H\u00f6rerschaft zu l\u00f6schen.<\/p>\n\n\n\n<p>Wie hat der olle J\u00f6\u00f6te schon jewusst, schlauer Preu\u00dfe wia numal war: Von det Handwerch kann man sich zur Kunst erheben, vom Fuschen nie!<\/p>\n\n\n\n<p>RADIO PAX aus Brandenburg an der Havel.<\/p>\n\n\n\n<p>Empfohlen f\u00fcr Schulfunk und Erwachsenenbildung.<\/p>\n\n\n\n<p>Einschalten und schlauer werden.<\/p>\n\n\n\n<p>Ernstgemeinte Zuschriften wie immer an&nbsp;<a href=\"mailto:info@radio-pax.de\" target=\"_blank\" rel=\"noreferrer noopener\">info@radio-pax.de<\/a><\/p>\n","protected":false},"excerpt":{"rendered":"<p>RADIO PAX sendet wieder am 18. M\u00e4rz von 17-19 Uhr Flink-Link zum H\u00f6rbuch:&nbsp;http:\/\/ice.rosebud-media.de:8000\/88vier RADIO PAX kritisiert: B\u00fcldung &amp; Erziehung Getreu unserem Motto \u00bbEinschalten und schlauer werden\u00ab besch\u00e4ftigen wir uns heute u.a. mit einigen Problemen des BRD-B\u00fcldungswesens.&nbsp; Und weil Lesen b\u00fcldet, wie jeder Schlauberger wei\u00df, fragen wir auch diejenigen, die im t\u00e4glichen Stra\u00dfenkampf darum ringen, das [&hellip;]<\/p>\n","protected":false},"author":1,"featured_media":493,"comment_status":"open","ping_status":"open","sticky":false,"template":"","format":"standard","meta":{"footnotes":""},"categories":[1,21],"tags":[19,11],"class_list":["post-492","post","type-post","status-publish","format-standard","has-post-thumbnail","hentry","category-allgemein","category-sendung","tag-sendung","tag-veranstaltung"],"_links":{"self":[{"href":"http:\/\/radio-pax.de\/blog\/wp-json\/wp\/v2\/posts\/492","targetHints":{"allow":["GET"]}}],"collection":[{"href":"http:\/\/radio-pax.de\/blog\/wp-json\/wp\/v2\/posts"}],"about":[{"href":"http:\/\/radio-pax.de\/blog\/wp-json\/wp\/v2\/types\/post"}],"author":[{"embeddable":true,"href":"http:\/\/radio-pax.de\/blog\/wp-json\/wp\/v2\/users\/1"}],"replies":[{"embeddable":true,"href":"http:\/\/radio-pax.de\/blog\/wp-json\/wp\/v2\/comments?post=492"}],"version-history":[{"count":1,"href":"http:\/\/radio-pax.de\/blog\/wp-json\/wp\/v2\/posts\/492\/revisions"}],"predecessor-version":[{"id":494,"href":"http:\/\/radio-pax.de\/blog\/wp-json\/wp\/v2\/posts\/492\/revisions\/494"}],"wp:featuredmedia":[{"embeddable":true,"href":"http:\/\/radio-pax.de\/blog\/wp-json\/wp\/v2\/media\/493"}],"wp:attachment":[{"href":"http:\/\/radio-pax.de\/blog\/wp-json\/wp\/v2\/media?parent=492"}],"wp:term":[{"taxonomy":"category","embeddable":true,"href":"http:\/\/radio-pax.de\/blog\/wp-json\/wp\/v2\/categories?post=492"},{"taxonomy":"post_tag","embeddable":true,"href":"http:\/\/radio-pax.de\/blog\/wp-json\/wp\/v2\/tags?post=492"}],"curies":[{"name":"wp","href":"https:\/\/api.w.org\/{rel}","templated":true}]}}