{"id":388,"date":"2023-09-15T12:42:03","date_gmt":"2023-09-15T10:42:03","guid":{"rendered":"http:\/\/radio-pax.de\/blog\/?p=388"},"modified":"2023-09-24T12:44:38","modified_gmt":"2023-09-24T10:44:38","slug":"radio-pax-sendet-wieder-am-18-september-von-17-19-uhr","status":"publish","type":"post","link":"http:\/\/radio-pax.de\/blog\/2023\/09\/15\/radio-pax-sendet-wieder-am-18-september-von-17-19-uhr\/","title":{"rendered":"RADIO PAX sendet wieder am 18. September von 17-19 Uhr"},"content":{"rendered":"\n<p>RADIO PAX sendet wieder am 18. September von 17 bis 19 Uhr<\/p>\n\n\n\n<p>Link zum Feuer:&nbsp;<a href=\"http:\/\/ice.rosebud-media.de:8000\/88vier\" target=\"_blank\" rel=\"noreferrer noopener\">http:\/\/ice.rosebud-media.de:8000\/88vier<\/a><br>(sowie DAB+Kanal 12D)<br>RADIO PAX entfacht das Feuer!<br>Und zwar das Schmiedefeuer.<br>RADIO PAX geht 40 Jahre in der Geschichte der deutschen Friedensbewegung zur\u00fcck.<br>Wir wiederholen eine friedenspolitisch bedeutsame Handlung, und legen en passant eine nicht unwesentliche \u00dcbersetzungskorrektur in der Bibel Luthers vor.<br>Au\u00dferdem in der Sendung:<br>Die Auswertung unserer B\u00fcrgerbefragung beim heimwerts-Festival; ein Interview mit Dota Kehr; ein Bericht aus der Kulturschmiede Messdunk.<br>Einschalten und schlauer werden.<\/p>\n\n\n\n<p>RADIO PAX freut sich \u00fcber Postkarten an&nbsp;<a href=\"mailto:info@radio-pax.de\" target=\"_blank\" rel=\"noreferrer noopener\">info@radio-pax.de<\/a><\/p>\n","protected":false},"excerpt":{"rendered":"<p>RADIO PAX sendet wieder am 18. September von 17 bis 19 Uhr Link zum Feuer:&nbsp;http:\/\/ice.rosebud-media.de:8000\/88vier(sowie DAB+Kanal 12D)RADIO PAX entfacht das Feuer!Und zwar das Schmiedefeuer.RADIO PAX geht 40 Jahre in der Geschichte der deutschen Friedensbewegung zur\u00fcck.Wir wiederholen eine friedenspolitisch bedeutsame Handlung, und legen en passant eine nicht unwesentliche \u00dcbersetzungskorrektur in der Bibel Luthers vor.Au\u00dferdem in der [&hellip;]<\/p>\n","protected":false},"author":1,"featured_media":389,"comment_status":"open","ping_status":"open","sticky":false,"template":"","format":"standard","meta":{"footnotes":""},"categories":[21,14],"tags":[19,11],"class_list":["post-388","post","type-post","status-publish","format-standard","has-post-thumbnail","hentry","category-sendung","category-veranstaltungen","tag-sendung","tag-veranstaltung"],"_links":{"self":[{"href":"http:\/\/radio-pax.de\/blog\/wp-json\/wp\/v2\/posts\/388","targetHints":{"allow":["GET"]}}],"collection":[{"href":"http:\/\/radio-pax.de\/blog\/wp-json\/wp\/v2\/posts"}],"about":[{"href":"http:\/\/radio-pax.de\/blog\/wp-json\/wp\/v2\/types\/post"}],"author":[{"embeddable":true,"href":"http:\/\/radio-pax.de\/blog\/wp-json\/wp\/v2\/users\/1"}],"replies":[{"embeddable":true,"href":"http:\/\/radio-pax.de\/blog\/wp-json\/wp\/v2\/comments?post=388"}],"version-history":[{"count":1,"href":"http:\/\/radio-pax.de\/blog\/wp-json\/wp\/v2\/posts\/388\/revisions"}],"predecessor-version":[{"id":390,"href":"http:\/\/radio-pax.de\/blog\/wp-json\/wp\/v2\/posts\/388\/revisions\/390"}],"wp:featuredmedia":[{"embeddable":true,"href":"http:\/\/radio-pax.de\/blog\/wp-json\/wp\/v2\/media\/389"}],"wp:attachment":[{"href":"http:\/\/radio-pax.de\/blog\/wp-json\/wp\/v2\/media?parent=388"}],"wp:term":[{"taxonomy":"category","embeddable":true,"href":"http:\/\/radio-pax.de\/blog\/wp-json\/wp\/v2\/categories?post=388"},{"taxonomy":"post_tag","embeddable":true,"href":"http:\/\/radio-pax.de\/blog\/wp-json\/wp\/v2\/tags?post=388"}],"curies":[{"name":"wp","href":"https:\/\/api.w.org\/{rel}","templated":true}]}}