{"id":381,"date":"2023-09-08T22:06:09","date_gmt":"2023-09-08T20:06:09","guid":{"rendered":"http:\/\/radio-pax.de\/blog\/?p=381"},"modified":"2023-09-08T22:06:09","modified_gmt":"2023-09-08T20:06:09","slug":"omega-orbit-lustwandeln-im-rosengarten-der-klaenge-september-is-here-again","status":"publish","type":"post","link":"http:\/\/radio-pax.de\/blog\/2023\/09\/08\/omega-orbit-lustwandeln-im-rosengarten-der-klaenge-september-is-here-again\/","title":{"rendered":"Omega-Orbit: Lustwandeln im Rosengarten der Kl\u00e4nge \u2013 September is here again."},"content":{"rendered":"\n<p>Omega-Orbit Mo\/Di 11.\/12. Sept. Null bis Zwei Uhr<\/p>\n\n\n\n<p>September is here again.<\/p>\n\n\n\n<p>Wir verlassen das irdische Jammertal und begeben uns mal wieder f\u00fcr zwei Stunden \u00bbAuf den Berg\u00ab, wo wir mit einem Fu\u00df schon im gro\u00dfen weiten Jazz-Universum stehen. Der warme Sp\u00e4tsommer verlangt es.<\/p>\n\n\n\n<p>Jazz &amp; Anverwandtes. Von flott &amp; hot bis Brazil geht der Deal.<\/p>\n\n\n\n<p>Ich denke, das ist genau das richtige f\u00fcr diese Uhrzeit.<br>Einklinken in den Jazzstream:&nbsp;<a href=\"https:\/\/ice.rosebud-media.de:8000\/88vier\" target=\"_blank\" rel=\"noreferrer noopener\">http:\/\/ice.rosebud-media.de:8000\/88vier<\/a>&nbsp;oder<br>webseite:&nbsp;<a href=\"http:\/\/frrapo.de\/player\/index.php?fbclid=IwAR0zqRobmH6ozTKVp4seTvLv5gQch025_-WXqvSbNmRqYrjkRfYFYGSZUvY\" target=\"_blank\" rel=\"noreferrer noopener\">http:\/\/frrapo.de<\/a><\/p>\n\n\n\n<p>Der Omega-Orbit auf&nbsp;<a href=\"http:\/\/frrapo.de\/\" target=\"_blank\" rel=\"noreferrer noopener\">frrapo.de<\/a>&nbsp;ist die Pforte in ein musikalisches Paralleluniversum.<br>\u00bbLustwandeln im Rosengarten der Kl\u00e4nge\u00ab<\/p>\n\n\n\n<p>Fragen zu Risiken und Nebenwirkungen sind zu richten an&nbsp;<a href=\"mailto:omega-orbit@gmx.de\" target=\"_blank\" rel=\"noreferrer noopener\">omega-orbit@gmx.de<\/a><\/p>\n\n\n\n<p>Omega-Orbit \u2013 Jeden zweiten Mo\/Di im Monat von Mitternacht bis Zwei Uhr<\/p>\n","protected":false},"excerpt":{"rendered":"<p>Omega-Orbit Mo\/Di 11.\/12. Sept. Null bis Zwei Uhr September is here again. Wir verlassen das irdische Jammertal und begeben uns mal wieder f\u00fcr zwei Stunden \u00bbAuf den Berg\u00ab, wo wir mit einem Fu\u00df schon im gro\u00dfen weiten Jazz-Universum stehen. Der warme Sp\u00e4tsommer verlangt es. Jazz &amp; Anverwandtes. Von flott &amp; hot bis Brazil geht der [&hellip;]<\/p>\n","protected":false},"author":1,"featured_media":383,"comment_status":"open","ping_status":"open","sticky":false,"template":"","format":"standard","meta":{"footnotes":""},"categories":[1,22,21],"tags":[9,19],"class_list":["post-381","post","type-post","status-publish","format-standard","has-post-thumbnail","hentry","category-allgemein","category-omega-orbit","category-sendung","tag-omega-orbit","tag-sendung"],"_links":{"self":[{"href":"http:\/\/radio-pax.de\/blog\/wp-json\/wp\/v2\/posts\/381","targetHints":{"allow":["GET"]}}],"collection":[{"href":"http:\/\/radio-pax.de\/blog\/wp-json\/wp\/v2\/posts"}],"about":[{"href":"http:\/\/radio-pax.de\/blog\/wp-json\/wp\/v2\/types\/post"}],"author":[{"embeddable":true,"href":"http:\/\/radio-pax.de\/blog\/wp-json\/wp\/v2\/users\/1"}],"replies":[{"embeddable":true,"href":"http:\/\/radio-pax.de\/blog\/wp-json\/wp\/v2\/comments?post=381"}],"version-history":[{"count":1,"href":"http:\/\/radio-pax.de\/blog\/wp-json\/wp\/v2\/posts\/381\/revisions"}],"predecessor-version":[{"id":384,"href":"http:\/\/radio-pax.de\/blog\/wp-json\/wp\/v2\/posts\/381\/revisions\/384"}],"wp:featuredmedia":[{"embeddable":true,"href":"http:\/\/radio-pax.de\/blog\/wp-json\/wp\/v2\/media\/383"}],"wp:attachment":[{"href":"http:\/\/radio-pax.de\/blog\/wp-json\/wp\/v2\/media?parent=381"}],"wp:term":[{"taxonomy":"category","embeddable":true,"href":"http:\/\/radio-pax.de\/blog\/wp-json\/wp\/v2\/categories?post=381"},{"taxonomy":"post_tag","embeddable":true,"href":"http:\/\/radio-pax.de\/blog\/wp-json\/wp\/v2\/tags?post=381"}],"curies":[{"name":"wp","href":"https:\/\/api.w.org\/{rel}","templated":true}]}}