{"id":378,"date":"2023-08-12T19:04:04","date_gmt":"2023-08-12T17:04:04","guid":{"rendered":"http:\/\/radio-pax.de\/blog\/?p=378"},"modified":"2023-08-12T19:04:04","modified_gmt":"2023-08-12T17:04:04","slug":"radio-pax-whg-der-julisendung-in-der-nacht-zum-15-august-von-2-bis-4-uhr","status":"publish","type":"post","link":"http:\/\/radio-pax.de\/blog\/2023\/08\/12\/radio-pax-whg-der-julisendung-in-der-nacht-zum-15-august-von-2-bis-4-uhr\/","title":{"rendered":"RADIO PAX (Whg. der Julisendung) in der Nacht zum\u00a015. August von\u00a02 bis 4 Uhr"},"content":{"rendered":"\n<p>Danach: RADIO PAX vom Juli (Whg.) von 2 bis 4 Uhr<\/p>\n\n\n\n<p><strong>Flink-Link:<\/strong> <a href=\"http:\/\/ice.rosebud-media.de:8000\/88vier\" target=\"_blank\" rel=\"noreferrer noopener\">http:\/\/ice.rosebud-media.de:8000\/88vier<\/a>Einige Themen der Sendung: Badespa\u00df mit dem ber\u00fchmten FKK-KEGEL<\/p>\n\n\n\n<p>Keinen Badespa\u00df gibt es am versiegenden Aralsee<\/p>\n\n\n\n<p>Auch kein Spa\u00df ist die KI &#8211; weiter im Themengespr\u00e4ch<\/p>\n\n\n\n<p>Wir pr\u00e4sentieren das Team YOUNG-PAX<\/p>\n\n\n\n<p>RADIO PAX freut sich \u00fcber Protest- und andere wertende Noten an <a href=\"mailto:info@radio-pax.de\" target=\"_blank\" rel=\"noreferrer noopener\">info@radio-pax.de<\/a><\/p>\n","protected":false},"excerpt":{"rendered":"<p>Danach: RADIO PAX vom Juli (Whg.) von 2 bis 4 Uhr Flink-Link: http:\/\/ice.rosebud-media.de:8000\/88vierEinige Themen der Sendung: Badespa\u00df mit dem ber\u00fchmten FKK-KEGEL Keinen Badespa\u00df gibt es am versiegenden Aralsee Auch kein Spa\u00df ist die KI &#8211; weiter im Themengespr\u00e4ch Wir pr\u00e4sentieren das Team YOUNG-PAX RADIO PAX freut sich \u00fcber Protest- und andere wertende Noten an info@radio-pax.de<\/p>\n","protected":false},"author":1,"featured_media":375,"comment_status":"open","ping_status":"open","sticky":false,"template":"","format":"standard","meta":{"footnotes":""},"categories":[1,22,21],"tags":[9,19],"class_list":["post-378","post","type-post","status-publish","format-standard","has-post-thumbnail","hentry","category-allgemein","category-omega-orbit","category-sendung","tag-omega-orbit","tag-sendung"],"_links":{"self":[{"href":"http:\/\/radio-pax.de\/blog\/wp-json\/wp\/v2\/posts\/378","targetHints":{"allow":["GET"]}}],"collection":[{"href":"http:\/\/radio-pax.de\/blog\/wp-json\/wp\/v2\/posts"}],"about":[{"href":"http:\/\/radio-pax.de\/blog\/wp-json\/wp\/v2\/types\/post"}],"author":[{"embeddable":true,"href":"http:\/\/radio-pax.de\/blog\/wp-json\/wp\/v2\/users\/1"}],"replies":[{"embeddable":true,"href":"http:\/\/radio-pax.de\/blog\/wp-json\/wp\/v2\/comments?post=378"}],"version-history":[{"count":1,"href":"http:\/\/radio-pax.de\/blog\/wp-json\/wp\/v2\/posts\/378\/revisions"}],"predecessor-version":[{"id":379,"href":"http:\/\/radio-pax.de\/blog\/wp-json\/wp\/v2\/posts\/378\/revisions\/379"}],"wp:featuredmedia":[{"embeddable":true,"href":"http:\/\/radio-pax.de\/blog\/wp-json\/wp\/v2\/media\/375"}],"wp:attachment":[{"href":"http:\/\/radio-pax.de\/blog\/wp-json\/wp\/v2\/media?parent=378"}],"wp:term":[{"taxonomy":"category","embeddable":true,"href":"http:\/\/radio-pax.de\/blog\/wp-json\/wp\/v2\/categories?post=378"},{"taxonomy":"post_tag","embeddable":true,"href":"http:\/\/radio-pax.de\/blog\/wp-json\/wp\/v2\/tags?post=378"}],"curies":[{"name":"wp","href":"https:\/\/api.w.org\/{rel}","templated":true}]}}