{"id":355,"date":"2023-06-10T13:13:37","date_gmt":"2023-06-10T11:13:37","guid":{"rendered":"http:\/\/radio-pax.de\/blog\/?p=355"},"modified":"2023-06-10T13:13:37","modified_gmt":"2023-06-10T11:13:37","slug":"radio-pax-whg-der-maisendung-nacht-zum-13-juni-von-2-bis-4-uhr","status":"publish","type":"post","link":"http:\/\/radio-pax.de\/blog\/2023\/06\/10\/radio-pax-whg-der-maisendung-nacht-zum-13-juni-von-2-bis-4-uhr\/","title":{"rendered":"RADIO PAX (Whg. der Maisendung) Nacht zum\u00a013. Juni von\u00a02 bis 4 Uhr"},"content":{"rendered":"\n<p>Wir reichen f\u00fcr die Durstigen noch einmal unsere<br>\u00bbMai-Bowle mit abgebr\u00fchten Fr\u00fcchtchen\u00ab<br><strong><br>Trink-Link:<\/strong><a href=\"http:\/\/ice.rosebud-media.de:8000\/88vier\" target=\"_blank\" rel=\"noreferrer noopener\">http:\/\/ice.rosebud-media.de:8000\/88vier<\/a><br>oder mit dem DAB+L\u00f6ffel 12D<\/p>\n\n\n\n<p>Es wird u.a. ausgeschenkt:<\/p>\n\n\n\n<p>\u00b7 Das B\u00fcrgerhaus in der Altstadt &#8211; Ein Trauerspiel aus der SVV<\/p>\n\n\n\n<p>\u00b7 Ratten M\u00fccken L\u00f6wenzahn &#8211; Wer \u00fcberlebt den Atomkrieg?<\/p>\n\n\n\n<p>\u00b7 Der Schultze &#8211; Ein Leben f\u00fcr die Musik<\/p>\n\n\n\n<p>\u00b7 KI oder KO? &#8211; Teil 2<\/p>\n\n\n\n<p>Einschalten und schlauer werden.<\/p>\n\n\n\n<p>RADIO PAX freut sich \u00fcber H\u00f6rerpost an&nbsp;<a href=\"mailto:info@radio-pax.de\" target=\"_blank\" rel=\"noreferrer noopener\">info@radio-pax.de<\/a><\/p>\n","protected":false},"excerpt":{"rendered":"<p>Wir reichen f\u00fcr die Durstigen noch einmal unsere\u00bbMai-Bowle mit abgebr\u00fchten Fr\u00fcchtchen\u00abTrink-Link:http:\/\/ice.rosebud-media.de:8000\/88vieroder mit dem DAB+L\u00f6ffel 12D Es wird u.a. ausgeschenkt: \u00b7 Das B\u00fcrgerhaus in der Altstadt &#8211; Ein Trauerspiel aus der SVV \u00b7 Ratten M\u00fccken L\u00f6wenzahn &#8211; Wer \u00fcberlebt den Atomkrieg? \u00b7 Der Schultze &#8211; Ein Leben f\u00fcr die Musik \u00b7 KI oder KO? &#8211; Teil [&hellip;]<\/p>\n","protected":false},"author":1,"featured_media":356,"comment_status":"open","ping_status":"open","sticky":false,"template":"","format":"standard","meta":{"footnotes":""},"categories":[21,14],"tags":[19,11,26],"class_list":["post-355","post","type-post","status-publish","format-standard","has-post-thumbnail","hentry","category-sendung","category-veranstaltungen","tag-sendung","tag-veranstaltung","tag-wiederholung"],"_links":{"self":[{"href":"http:\/\/radio-pax.de\/blog\/wp-json\/wp\/v2\/posts\/355","targetHints":{"allow":["GET"]}}],"collection":[{"href":"http:\/\/radio-pax.de\/blog\/wp-json\/wp\/v2\/posts"}],"about":[{"href":"http:\/\/radio-pax.de\/blog\/wp-json\/wp\/v2\/types\/post"}],"author":[{"embeddable":true,"href":"http:\/\/radio-pax.de\/blog\/wp-json\/wp\/v2\/users\/1"}],"replies":[{"embeddable":true,"href":"http:\/\/radio-pax.de\/blog\/wp-json\/wp\/v2\/comments?post=355"}],"version-history":[{"count":1,"href":"http:\/\/radio-pax.de\/blog\/wp-json\/wp\/v2\/posts\/355\/revisions"}],"predecessor-version":[{"id":357,"href":"http:\/\/radio-pax.de\/blog\/wp-json\/wp\/v2\/posts\/355\/revisions\/357"}],"wp:featuredmedia":[{"embeddable":true,"href":"http:\/\/radio-pax.de\/blog\/wp-json\/wp\/v2\/media\/356"}],"wp:attachment":[{"href":"http:\/\/radio-pax.de\/blog\/wp-json\/wp\/v2\/media?parent=355"}],"wp:term":[{"taxonomy":"category","embeddable":true,"href":"http:\/\/radio-pax.de\/blog\/wp-json\/wp\/v2\/categories?post=355"},{"taxonomy":"post_tag","embeddable":true,"href":"http:\/\/radio-pax.de\/blog\/wp-json\/wp\/v2\/tags?post=355"}],"curies":[{"name":"wp","href":"https:\/\/api.w.org\/{rel}","templated":true}]}}