{"id":351,"date":"2023-05-13T13:36:22","date_gmt":"2023-05-13T11:36:22","guid":{"rendered":"http:\/\/radio-pax.de\/blog\/?p=351"},"modified":"2023-05-13T13:36:22","modified_gmt":"2023-05-13T11:36:22","slug":"mai-sendung-am-15-05-2023-von-17-19-uhr","status":"publish","type":"post","link":"http:\/\/radio-pax.de\/blog\/2023\/05\/13\/mai-sendung-am-15-05-2023-von-17-19-uhr\/","title":{"rendered":"Mai-Sendung am 15.05.2023, von 17-19 Uhr"},"content":{"rendered":"\n<p>RADIO PAX sendet wieder am 15. Mai von 17 bis 19 Uhr<\/p>\n\n\n\n<p>Es gibt Mai-Bowle mit abgebr\u00fchten Fr\u00fcchtchen<\/p>\n\n\n\n<p>Flink-Link zum Bes\u00e4ufnis:&nbsp;<a href=\"http:\/\/ice.rosebud-media.de:8000\/88vier\" target=\"_blank\" rel=\"noreferrer noopener\">http:\/\/ice.rosebud-media.de:8000\/88vier<\/a><\/p>\n\n\n\n<p>Diesmal wird ausgeschenkt:<br>\u00b7 Das B\u00fcrgerhaus in der Altstadt &#8211; Ein Trauerspiel aus der SVV<br>\u00b7 Ratten M\u00fccken L\u00f6wenzahn &#8211; Wer \u00fcberlebt den Atomkrieg?<br>\u00b7 Der Schultze &#8211; Ein Leben f\u00fcr die Musik<\/p>\n\n\n\n<p>Einschalten und schlauer werden.<br>RADIO PAX freut sich wie immer \u00fcber Postkarten an&nbsp;<a href=\"mailto:info@radio-pax.de\" target=\"_blank\" rel=\"noreferrer noopener\">info@radio-pax.de<\/a><\/p>\n","protected":false},"excerpt":{"rendered":"<p>RADIO PAX sendet wieder am 15. Mai von 17 bis 19 Uhr Es gibt Mai-Bowle mit abgebr\u00fchten Fr\u00fcchtchen Flink-Link zum Bes\u00e4ufnis:&nbsp;http:\/\/ice.rosebud-media.de:8000\/88vier Diesmal wird ausgeschenkt:\u00b7 Das B\u00fcrgerhaus in der Altstadt &#8211; Ein Trauerspiel aus der SVV\u00b7 Ratten M\u00fccken L\u00f6wenzahn &#8211; Wer \u00fcberlebt den Atomkrieg?\u00b7 Der Schultze &#8211; Ein Leben f\u00fcr die Musik Einschalten und schlauer werden.RADIO [&hellip;]<\/p>\n","protected":false},"author":1,"featured_media":352,"comment_status":"open","ping_status":"open","sticky":false,"template":"","format":"standard","meta":{"footnotes":""},"categories":[21,14],"tags":[19,11],"class_list":["post-351","post","type-post","status-publish","format-standard","has-post-thumbnail","hentry","category-sendung","category-veranstaltungen","tag-sendung","tag-veranstaltung"],"_links":{"self":[{"href":"http:\/\/radio-pax.de\/blog\/wp-json\/wp\/v2\/posts\/351","targetHints":{"allow":["GET"]}}],"collection":[{"href":"http:\/\/radio-pax.de\/blog\/wp-json\/wp\/v2\/posts"}],"about":[{"href":"http:\/\/radio-pax.de\/blog\/wp-json\/wp\/v2\/types\/post"}],"author":[{"embeddable":true,"href":"http:\/\/radio-pax.de\/blog\/wp-json\/wp\/v2\/users\/1"}],"replies":[{"embeddable":true,"href":"http:\/\/radio-pax.de\/blog\/wp-json\/wp\/v2\/comments?post=351"}],"version-history":[{"count":1,"href":"http:\/\/radio-pax.de\/blog\/wp-json\/wp\/v2\/posts\/351\/revisions"}],"predecessor-version":[{"id":353,"href":"http:\/\/radio-pax.de\/blog\/wp-json\/wp\/v2\/posts\/351\/revisions\/353"}],"wp:featuredmedia":[{"embeddable":true,"href":"http:\/\/radio-pax.de\/blog\/wp-json\/wp\/v2\/media\/352"}],"wp:attachment":[{"href":"http:\/\/radio-pax.de\/blog\/wp-json\/wp\/v2\/media?parent=351"}],"wp:term":[{"taxonomy":"category","embeddable":true,"href":"http:\/\/radio-pax.de\/blog\/wp-json\/wp\/v2\/categories?post=351"},{"taxonomy":"post_tag","embeddable":true,"href":"http:\/\/radio-pax.de\/blog\/wp-json\/wp\/v2\/tags?post=351"}],"curies":[{"name":"wp","href":"https:\/\/api.w.org\/{rel}","templated":true}]}}