{"id":347,"date":"2023-04-14T21:38:53","date_gmt":"2023-04-14T19:38:53","guid":{"rendered":"http:\/\/radio-pax.de\/blog\/?p=347"},"modified":"2023-04-14T21:38:53","modified_gmt":"2023-04-14T19:38:53","slug":"naechste-sendung-am-kommenden-montag-17-april","status":"publish","type":"post","link":"http:\/\/radio-pax.de\/blog\/2023\/04\/14\/naechste-sendung-am-kommenden-montag-17-april\/","title":{"rendered":"N\u00e4chste Sendung am kommenden Montag, 17. April"},"content":{"rendered":"\n<p>RADIO PAX am Montag, 17. April von 17 bis 19 Uhr<\/p>\n\n\n\n<p>Link:&nbsp;<a href=\"http:\/\/ice.rosebud-media.de:8000\/88vier\" target=\"_blank\" rel=\"noreferrer noopener\">http:\/\/ice.rosebud-media.de:8000\/88vier<\/a><\/p>\n\n\n\n<p>Die Spatzen pfeifen es von den D\u00e4chern:<br>Mit Tauben ist zZt. kein Staat zu machen.<br>Mit blauen schon gleich gar nicht\u2026<br>KO durch KI?<br>Diese und andere Fragen werden in der Sendung er\u00f6rtert.<br>Wieso Taube und nicht Lahme?<br>Spargel als politisches Gem\u00fcse?<\/p>\n\n\n\n<p>RADIO PAX freut sich \u00fcber H\u00f6rerpost an&nbsp;<a href=\"mailto:info@radio-pax.de\" target=\"_blank\" rel=\"noreferrer noopener\">info@radio-pax.de<\/a><\/p>\n","protected":false},"excerpt":{"rendered":"<p>RADIO PAX am Montag, 17. April von 17 bis 19 Uhr Link:&nbsp;http:\/\/ice.rosebud-media.de:8000\/88vier Die Spatzen pfeifen es von den D\u00e4chern:Mit Tauben ist zZt. kein Staat zu machen.Mit blauen schon gleich gar nicht\u2026KO durch KI?Diese und andere Fragen werden in der Sendung er\u00f6rtert.Wieso Taube und nicht Lahme?Spargel als politisches Gem\u00fcse? RADIO PAX freut sich \u00fcber H\u00f6rerpost an&nbsp;info@radio-pax.de<\/p>\n","protected":false},"author":1,"featured_media":348,"comment_status":"open","ping_status":"open","sticky":false,"template":"","format":"standard","meta":{"footnotes":""},"categories":[1,21],"tags":[19,11],"class_list":["post-347","post","type-post","status-publish","format-standard","has-post-thumbnail","hentry","category-allgemein","category-sendung","tag-sendung","tag-veranstaltung"],"_links":{"self":[{"href":"http:\/\/radio-pax.de\/blog\/wp-json\/wp\/v2\/posts\/347","targetHints":{"allow":["GET"]}}],"collection":[{"href":"http:\/\/radio-pax.de\/blog\/wp-json\/wp\/v2\/posts"}],"about":[{"href":"http:\/\/radio-pax.de\/blog\/wp-json\/wp\/v2\/types\/post"}],"author":[{"embeddable":true,"href":"http:\/\/radio-pax.de\/blog\/wp-json\/wp\/v2\/users\/1"}],"replies":[{"embeddable":true,"href":"http:\/\/radio-pax.de\/blog\/wp-json\/wp\/v2\/comments?post=347"}],"version-history":[{"count":1,"href":"http:\/\/radio-pax.de\/blog\/wp-json\/wp\/v2\/posts\/347\/revisions"}],"predecessor-version":[{"id":349,"href":"http:\/\/radio-pax.de\/blog\/wp-json\/wp\/v2\/posts\/347\/revisions\/349"}],"wp:featuredmedia":[{"embeddable":true,"href":"http:\/\/radio-pax.de\/blog\/wp-json\/wp\/v2\/media\/348"}],"wp:attachment":[{"href":"http:\/\/radio-pax.de\/blog\/wp-json\/wp\/v2\/media?parent=347"}],"wp:term":[{"taxonomy":"category","embeddable":true,"href":"http:\/\/radio-pax.de\/blog\/wp-json\/wp\/v2\/categories?post=347"},{"taxonomy":"post_tag","embeddable":true,"href":"http:\/\/radio-pax.de\/blog\/wp-json\/wp\/v2\/tags?post=347"}],"curies":[{"name":"wp","href":"https:\/\/api.w.org\/{rel}","templated":true}]}}