{"id":323,"date":"2023-02-11T14:32:57","date_gmt":"2023-02-11T13:32:57","guid":{"rendered":"http:\/\/radio-pax.de\/blog\/?p=323"},"modified":"2023-02-11T14:32:57","modified_gmt":"2023-02-11T13:32:57","slug":"wiederholung-der-januar-sendung-kommende-mo-di-nacht","status":"publish","type":"post","link":"http:\/\/radio-pax.de\/blog\/2023\/02\/11\/wiederholung-der-januar-sendung-kommende-mo-di-nacht\/","title":{"rendered":"Wiederholung der Januar Sendung kommende Mo\/Di-Nacht"},"content":{"rendered":"\n<p><strong>RADIO PAX<\/strong>&nbsp;fusioniert wiederholt. 13.\/14.2. von 2 bis 4 Uhr<\/p>\n\n\n\n<p><strong>Klick-Link:<\/strong>&nbsp;<a href=\"http:\/\/ice.rosebud-media.de:8000\/88vier\" target=\"_blank\" rel=\"noreferrer noopener\">http:\/\/ice.rosebud-media.de:8000\/88vier<\/a><\/p>\n\n\n\n<p>Wir vereinigen unsere Kernkompetenzen \u00bbWissen\u00ab und \u00bbWissen wollen\u00ab zu energiegeladenen zwei Stunden:<\/p>\n\n\n\n<p>Woher kommt der Strom der Zukunft?<\/p>\n\n\n\n<p>OB Steffen Scheller beim Neujahrsgespr\u00e4ch.<\/p>\n\n\n\n<p>Gespr\u00e4ch mit dem Verein des \u00bbCaf\u00e9 Miteinander\u00ab im B\u00fcrgerhaus Hohenst\u00fccken.<\/p>\n\n\n\n<p>H\u00f6rerpost bitte an&nbsp;<a href=\"mailto:info@radio-pax.de\" target=\"_blank\" rel=\"noreferrer noopener\">info@radio-pax.de<\/a><\/p>\n","protected":false},"excerpt":{"rendered":"<p>RADIO PAX&nbsp;fusioniert wiederholt. 13.\/14.2. von 2 bis 4 Uhr Klick-Link:&nbsp;http:\/\/ice.rosebud-media.de:8000\/88vier Wir vereinigen unsere Kernkompetenzen \u00bbWissen\u00ab und \u00bbWissen wollen\u00ab zu energiegeladenen zwei Stunden: Woher kommt der Strom der Zukunft? OB Steffen Scheller beim Neujahrsgespr\u00e4ch. Gespr\u00e4ch mit dem Verein des \u00bbCaf\u00e9 Miteinander\u00ab im B\u00fcrgerhaus Hohenst\u00fccken. H\u00f6rerpost bitte an&nbsp;info@radio-pax.de<\/p>\n","protected":false},"author":1,"featured_media":324,"comment_status":"open","ping_status":"open","sticky":false,"template":"","format":"standard","meta":{"footnotes":""},"categories":[1,21,14],"tags":[19,11],"class_list":["post-323","post","type-post","status-publish","format-standard","has-post-thumbnail","hentry","category-allgemein","category-sendung","category-veranstaltungen","tag-sendung","tag-veranstaltung"],"_links":{"self":[{"href":"http:\/\/radio-pax.de\/blog\/wp-json\/wp\/v2\/posts\/323","targetHints":{"allow":["GET"]}}],"collection":[{"href":"http:\/\/radio-pax.de\/blog\/wp-json\/wp\/v2\/posts"}],"about":[{"href":"http:\/\/radio-pax.de\/blog\/wp-json\/wp\/v2\/types\/post"}],"author":[{"embeddable":true,"href":"http:\/\/radio-pax.de\/blog\/wp-json\/wp\/v2\/users\/1"}],"replies":[{"embeddable":true,"href":"http:\/\/radio-pax.de\/blog\/wp-json\/wp\/v2\/comments?post=323"}],"version-history":[{"count":1,"href":"http:\/\/radio-pax.de\/blog\/wp-json\/wp\/v2\/posts\/323\/revisions"}],"predecessor-version":[{"id":325,"href":"http:\/\/radio-pax.de\/blog\/wp-json\/wp\/v2\/posts\/323\/revisions\/325"}],"wp:featuredmedia":[{"embeddable":true,"href":"http:\/\/radio-pax.de\/blog\/wp-json\/wp\/v2\/media\/324"}],"wp:attachment":[{"href":"http:\/\/radio-pax.de\/blog\/wp-json\/wp\/v2\/media?parent=323"}],"wp:term":[{"taxonomy":"category","embeddable":true,"href":"http:\/\/radio-pax.de\/blog\/wp-json\/wp\/v2\/categories?post=323"},{"taxonomy":"post_tag","embeddable":true,"href":"http:\/\/radio-pax.de\/blog\/wp-json\/wp\/v2\/tags?post=323"}],"curies":[{"name":"wp","href":"https:\/\/api.w.org\/{rel}","templated":true}]}}