{"id":303,"date":"2023-01-14T13:48:24","date_gmt":"2023-01-14T12:48:24","guid":{"rendered":"http:\/\/radio-pax.de\/blog\/?p=303"},"modified":"2023-01-14T13:48:24","modified_gmt":"2023-01-14T12:48:24","slug":"sendung-radio-pax-fusioniert","status":"publish","type":"post","link":"http:\/\/radio-pax.de\/blog\/2023\/01\/14\/sendung-radio-pax-fusioniert\/","title":{"rendered":"Sendung: Radio Pax fusioniert!"},"content":{"rendered":"\n<p>RADIO PAX fusioniert. Am 16. Januar 2023 von 17-19 Uhr.<\/p>\n\n\n\n<p>Wir vereinen unsere Kernkompetenzen &#8222;Wissen&#8220; und &#8222;Wissen wollen&#8220; zu einer energiegeladenen janusk\u00f6pfigen Sendung\u2026<\/p>\n\n\n\n<p>Einige Themen werden sein:<\/p>\n\n\n\n<p>Woher kommt der Strom der Zukunft?<\/p>\n\n\n\n<p>Wir besuchten OB Steffen Scheller zum Neujahrsgespr\u00e4ch und senden einen Ausschnitt daraus.<\/p>\n\n\n\n<p>In der zweiten Stunde sind wir im B\u00fcrgerhaus Hohenst\u00fccken und senden LIVE ein Gespr\u00e4ch mit Frau Woelke vom &#8222;Caf\u00e9 Miteinander&#8220;.<\/p>\n\n\n\n<p>Einschalten und schlauer werden.<\/p>\n\n\n\n<p>h\u00f6ren-klick: <a href=\"http:\/\/ice.rosebud-media.de:8000\/88vier\">http:\/\/ice.rosebud-media.de:8000\/88vier<\/a><\/p>\n\n\n\n<p>RADIO PAX freut sich \u00fcber H\u00f6rerpost an info@radio-pax.de<\/p>\n","protected":false},"excerpt":{"rendered":"<p>RADIO PAX fusioniert. Am 16. Januar 2023 von 17-19 Uhr. Wir vereinen unsere Kernkompetenzen &#8222;Wissen&#8220; und &#8222;Wissen wollen&#8220; zu einer energiegeladenen janusk\u00f6pfigen Sendung\u2026 Einige Themen werden sein: Woher kommt der Strom der Zukunft? Wir besuchten OB Steffen Scheller zum Neujahrsgespr\u00e4ch und senden einen Ausschnitt daraus. In der zweiten Stunde sind wir im B\u00fcrgerhaus Hohenst\u00fccken und [&hellip;]<\/p>\n","protected":false},"author":2,"featured_media":304,"comment_status":"open","ping_status":"open","sticky":false,"template":"","format":"standard","meta":{"footnotes":""},"categories":[21,14],"tags":[19,11],"class_list":["post-303","post","type-post","status-publish","format-standard","has-post-thumbnail","hentry","category-sendung","category-veranstaltungen","tag-sendung","tag-veranstaltung"],"_links":{"self":[{"href":"http:\/\/radio-pax.de\/blog\/wp-json\/wp\/v2\/posts\/303","targetHints":{"allow":["GET"]}}],"collection":[{"href":"http:\/\/radio-pax.de\/blog\/wp-json\/wp\/v2\/posts"}],"about":[{"href":"http:\/\/radio-pax.de\/blog\/wp-json\/wp\/v2\/types\/post"}],"author":[{"embeddable":true,"href":"http:\/\/radio-pax.de\/blog\/wp-json\/wp\/v2\/users\/2"}],"replies":[{"embeddable":true,"href":"http:\/\/radio-pax.de\/blog\/wp-json\/wp\/v2\/comments?post=303"}],"version-history":[{"count":1,"href":"http:\/\/radio-pax.de\/blog\/wp-json\/wp\/v2\/posts\/303\/revisions"}],"predecessor-version":[{"id":305,"href":"http:\/\/radio-pax.de\/blog\/wp-json\/wp\/v2\/posts\/303\/revisions\/305"}],"wp:featuredmedia":[{"embeddable":true,"href":"http:\/\/radio-pax.de\/blog\/wp-json\/wp\/v2\/media\/304"}],"wp:attachment":[{"href":"http:\/\/radio-pax.de\/blog\/wp-json\/wp\/v2\/media?parent=303"}],"wp:term":[{"taxonomy":"category","embeddable":true,"href":"http:\/\/radio-pax.de\/blog\/wp-json\/wp\/v2\/categories?post=303"},{"taxonomy":"post_tag","embeddable":true,"href":"http:\/\/radio-pax.de\/blog\/wp-json\/wp\/v2\/tags?post=303"}],"curies":[{"name":"wp","href":"https:\/\/api.w.org\/{rel}","templated":true}]}}