{"id":292,"date":"2022-12-11T15:33:40","date_gmt":"2022-12-11T14:33:40","guid":{"rendered":"http:\/\/radio-pax.de\/blog\/?p=292"},"modified":"2022-12-11T15:33:40","modified_gmt":"2022-12-11T14:33:40","slug":"wiederholung-der-novembersendung-am-kommenden-montag-dienstag","status":"publish","type":"post","link":"http:\/\/radio-pax.de\/blog\/2022\/12\/11\/wiederholung-der-novembersendung-am-kommenden-montag-dienstag\/","title":{"rendered":"Wiederholung der Novembersendung am kommenden Montag\/Dienstag"},"content":{"rendered":"\n<p>2-4 Uhr &#8211; RADIO PAX (Whg.)<br>Mit RADIO PAX durch die Finsternis.<br>Wir besuchen u.a. die Leseb\u00fchne in Kirchm\u00f6ser, wir winken dem letzten Nighttrain hinterher, und werfen bunte Kugelgalaxien statt schwarzer L\u00f6cher auf die Pupillen. Ganz wichtig sind die hei\u00dfen Tips zum Aufw\u00e4rmen aus dem Mieterverein.<br>Einschalten und schlauer werden:<\/p>\n\n\n\n<p>Klick-Link: <a href=\"http:\/\/ice.rosebud-media.de:8000\/88vier\" target=\"_blank\" rel=\"noreferrer noopener\">http:\/\/ice.rosebud-media.de:8000\/88vier<\/a><\/p>\n\n\n\n<p>Wir verweisen wie immer auf unsere podcasts.<br>RADIO PAX freut sich \u00fcber H\u00f6rerpost an <a rel=\"noreferrer noopener\" href=\"mailto:info@radio-pax.de\" target=\"_blank\">info@radio-pax.de<\/a><\/p>\n","protected":false},"excerpt":{"rendered":"<p>2-4 Uhr &#8211; RADIO PAX (Whg.)Mit RADIO PAX durch die Finsternis.Wir besuchen u.a. die Leseb\u00fchne in Kirchm\u00f6ser, wir winken dem letzten Nighttrain hinterher, und werfen bunte Kugelgalaxien statt schwarzer L\u00f6cher auf die Pupillen. Ganz wichtig sind die hei\u00dfen Tips zum Aufw\u00e4rmen aus dem Mieterverein.Einschalten und schlauer werden: Klick-Link: http:\/\/ice.rosebud-media.de:8000\/88vier Wir verweisen wie immer auf unsere [&hellip;]<\/p>\n","protected":false},"author":1,"featured_media":285,"comment_status":"open","ping_status":"open","sticky":false,"template":"","format":"standard","meta":{"footnotes":""},"categories":[21,14],"tags":[19,11],"class_list":["post-292","post","type-post","status-publish","format-standard","has-post-thumbnail","hentry","category-sendung","category-veranstaltungen","tag-sendung","tag-veranstaltung"],"_links":{"self":[{"href":"http:\/\/radio-pax.de\/blog\/wp-json\/wp\/v2\/posts\/292","targetHints":{"allow":["GET"]}}],"collection":[{"href":"http:\/\/radio-pax.de\/blog\/wp-json\/wp\/v2\/posts"}],"about":[{"href":"http:\/\/radio-pax.de\/blog\/wp-json\/wp\/v2\/types\/post"}],"author":[{"embeddable":true,"href":"http:\/\/radio-pax.de\/blog\/wp-json\/wp\/v2\/users\/1"}],"replies":[{"embeddable":true,"href":"http:\/\/radio-pax.de\/blog\/wp-json\/wp\/v2\/comments?post=292"}],"version-history":[{"count":1,"href":"http:\/\/radio-pax.de\/blog\/wp-json\/wp\/v2\/posts\/292\/revisions"}],"predecessor-version":[{"id":293,"href":"http:\/\/radio-pax.de\/blog\/wp-json\/wp\/v2\/posts\/292\/revisions\/293"}],"wp:featuredmedia":[{"embeddable":true,"href":"http:\/\/radio-pax.de\/blog\/wp-json\/wp\/v2\/media\/285"}],"wp:attachment":[{"href":"http:\/\/radio-pax.de\/blog\/wp-json\/wp\/v2\/media?parent=292"}],"wp:term":[{"taxonomy":"category","embeddable":true,"href":"http:\/\/radio-pax.de\/blog\/wp-json\/wp\/v2\/categories?post=292"},{"taxonomy":"post_tag","embeddable":true,"href":"http:\/\/radio-pax.de\/blog\/wp-json\/wp\/v2\/tags?post=292"}],"curies":[{"name":"wp","href":"https:\/\/api.w.org\/{rel}","templated":true}]}}