{"id":269,"date":"2022-11-19T02:25:07","date_gmt":"2022-11-19T01:25:07","guid":{"rendered":"http:\/\/radio-pax.de\/blog\/?p=269"},"modified":"2022-11-20T11:50:24","modified_gmt":"2022-11-20T10:50:24","slug":"radio-pax-die-einundfuenfzigste","status":"publish","type":"post","link":"http:\/\/radio-pax.de\/blog\/2022\/11\/19\/radio-pax-die-einundfuenfzigste\/","title":{"rendered":"Radio Pax &#8211; N\u00e4chster Sendetermin am 21.11.2022"},"content":{"rendered":"\n<p>RADIO PAX am 21. November 2022 von 17-19 Uhr.<\/p>\n\n\n\n<p>Es ist wieder soweit. Radio Pax macht sich und euch winterfest und holt die frischen Themen aus dem Kastanienfeuer.<\/p>\n\n\n\n<p>Wir waren bei der neuartigen Leseb\u00fchne in Kirchm\u00f6ser.<br>Zu den Folgen der aktuellen Preisentwicklung hat der Vorsitzende des Mietervereins gute Ratschl\u00e4ge parat.<br>Der letzte Nachtzug hielt im vorherbstlichen Brandenburg. Wir sagen dem Nightjet ein letztes Mal &#8222;winke winke&#8220;!<\/p>\n\n\n\n<p>Die Sternengucker bringen euch diesmal bunte Kugelgalaxien statt schwarzer L\u00f6cher.<\/p>\n\n\n\n<p>Und wir sehen den tierischen Mietnomaden bei der Jahresplanung zu.<\/p>\n\n\n\n<p>Dazu, wie immer, wohlig warme Musik zum einkuscheln und Tee trinken.<br>Einschalten \u2013 und nicht nur die Ohren werden wieder warm.<\/p>\n\n\n\n<p>h\u00f6ren-klick: http:\/\/ice.rosebud-media.de:8000\/88vier<br>RADIO PAX freut sich \u00fcber H\u00f6rerpost an info@radio-pax.de<\/p>\n","protected":false},"excerpt":{"rendered":"<p>RADIO PAX am 21. November 2022 von 17-19 Uhr. Es ist wieder soweit. Radio Pax macht sich und euch winterfest und holt die frischen Themen aus dem Kastanienfeuer. Wir waren bei der neuartigen Leseb\u00fchne in Kirchm\u00f6ser.Zu den Folgen der aktuellen Preisentwicklung hat der Vorsitzende des Mietervereins gute Ratschl\u00e4ge parat.Der letzte Nachtzug hielt im vorherbstlichen Brandenburg. [&hellip;]<\/p>\n","protected":false},"author":1,"featured_media":270,"comment_status":"open","ping_status":"open","sticky":false,"template":"","format":"standard","meta":{"footnotes":""},"categories":[21,14],"tags":[19,11],"class_list":["post-269","post","type-post","status-publish","format-standard","has-post-thumbnail","hentry","category-sendung","category-veranstaltungen","tag-sendung","tag-veranstaltung"],"_links":{"self":[{"href":"http:\/\/radio-pax.de\/blog\/wp-json\/wp\/v2\/posts\/269","targetHints":{"allow":["GET"]}}],"collection":[{"href":"http:\/\/radio-pax.de\/blog\/wp-json\/wp\/v2\/posts"}],"about":[{"href":"http:\/\/radio-pax.de\/blog\/wp-json\/wp\/v2\/types\/post"}],"author":[{"embeddable":true,"href":"http:\/\/radio-pax.de\/blog\/wp-json\/wp\/v2\/users\/1"}],"replies":[{"embeddable":true,"href":"http:\/\/radio-pax.de\/blog\/wp-json\/wp\/v2\/comments?post=269"}],"version-history":[{"count":3,"href":"http:\/\/radio-pax.de\/blog\/wp-json\/wp\/v2\/posts\/269\/revisions"}],"predecessor-version":[{"id":279,"href":"http:\/\/radio-pax.de\/blog\/wp-json\/wp\/v2\/posts\/269\/revisions\/279"}],"wp:featuredmedia":[{"embeddable":true,"href":"http:\/\/radio-pax.de\/blog\/wp-json\/wp\/v2\/media\/270"}],"wp:attachment":[{"href":"http:\/\/radio-pax.de\/blog\/wp-json\/wp\/v2\/media?parent=269"}],"wp:term":[{"taxonomy":"category","embeddable":true,"href":"http:\/\/radio-pax.de\/blog\/wp-json\/wp\/v2\/categories?post=269"},{"taxonomy":"post_tag","embeddable":true,"href":"http:\/\/radio-pax.de\/blog\/wp-json\/wp\/v2\/tags?post=269"}],"curies":[{"name":"wp","href":"https:\/\/api.w.org\/{rel}","templated":true}]}}