{"id":259,"date":"2022-10-14T23:19:42","date_gmt":"2022-10-14T21:19:42","guid":{"rendered":"http:\/\/radio-pax.de\/blog\/?p=259"},"modified":"2022-10-14T23:19:42","modified_gmt":"2022-10-14T21:19:42","slug":"radio-pax-die-fuenfzigste","status":"publish","type":"post","link":"http:\/\/radio-pax.de\/blog\/2022\/10\/14\/radio-pax-die-fuenfzigste\/","title":{"rendered":"Radio Pax &#8211; Die F\u00fcnfzigste"},"content":{"rendered":"\n<p>RADIO PAX am 17. Oktober 2022 von 17-19 Uhr.<\/p>\n\n\n\n<p>Wir senden ein herbstliches Morgentaukonzert von Grillen, Schrecken und M\u00fccken.<\/p>\n\n\n\n<p>Wir schauen dem Gaul aufs Maul,und gucken dem Frosch in den Hals.<\/p>\n\n\n\n<p>Wie funktioniert die Klangerzeugung in der Tierwelt?<\/p>\n\n\n\n<p>Und: Es gibt die Aufl\u00f6sung des R\u00e4tsels vom Heimwerts-Festival.<\/p>\n\n\n\n<p>Au\u00dferdem im Programm:<\/p>\n\n\n\n<p>Wie lang dauern 60 Minuten in der SVV?&nbsp;<em>\u2013&nbsp;<\/em>Von&nbsp;Konsequenz und&nbsp;Transparenz.<\/p>\n\n\n\n<p>Mit einem R\u00fcckblick auf den Kultur-Sommer<\/p>\n\n\n\n<p>Ein kunterbuntes Programm also.<\/p>\n\n\n\n<p>Einschalten und schlauer werden.<\/p>\n\n\n\n<p><strong>h\u00f6ren-klick:<\/strong>&nbsp;<a href=\"http:\/\/ice.rosebud-media.de:8000\/88vier\" target=\"_blank\" rel=\"noreferrer noopener\">http:\/\/ice.rosebud-media.de:8000\/88vier<\/a><\/p>\n\n\n\n<p>RADIO PAX freut sich \u00fcber H\u00f6rerpost an\u00a0<a rel=\"noreferrer noopener\" href=\"mailto:info@radio-pax.de\" target=\"_blank\">info<\/a>@radio-pax.de<\/p>\n","protected":false},"excerpt":{"rendered":"<p>RADIO PAX am 17. Oktober 2022 von 17-19 Uhr. Wir senden ein herbstliches Morgentaukonzert von Grillen, Schrecken und M\u00fccken. Wir schauen dem Gaul aufs Maul,und gucken dem Frosch in den Hals. Wie funktioniert die Klangerzeugung in der Tierwelt? Und: Es gibt die Aufl\u00f6sung des R\u00e4tsels vom Heimwerts-Festival. Au\u00dferdem im Programm: Wie lang dauern 60 Minuten [&hellip;]<\/p>\n","protected":false},"author":1,"featured_media":260,"comment_status":"open","ping_status":"open","sticky":false,"template":"","format":"standard","meta":{"footnotes":""},"categories":[21,14],"tags":[19,11],"class_list":["post-259","post","type-post","status-publish","format-standard","has-post-thumbnail","hentry","category-sendung","category-veranstaltungen","tag-sendung","tag-veranstaltung"],"_links":{"self":[{"href":"http:\/\/radio-pax.de\/blog\/wp-json\/wp\/v2\/posts\/259","targetHints":{"allow":["GET"]}}],"collection":[{"href":"http:\/\/radio-pax.de\/blog\/wp-json\/wp\/v2\/posts"}],"about":[{"href":"http:\/\/radio-pax.de\/blog\/wp-json\/wp\/v2\/types\/post"}],"author":[{"embeddable":true,"href":"http:\/\/radio-pax.de\/blog\/wp-json\/wp\/v2\/users\/1"}],"replies":[{"embeddable":true,"href":"http:\/\/radio-pax.de\/blog\/wp-json\/wp\/v2\/comments?post=259"}],"version-history":[{"count":1,"href":"http:\/\/radio-pax.de\/blog\/wp-json\/wp\/v2\/posts\/259\/revisions"}],"predecessor-version":[{"id":261,"href":"http:\/\/radio-pax.de\/blog\/wp-json\/wp\/v2\/posts\/259\/revisions\/261"}],"wp:featuredmedia":[{"embeddable":true,"href":"http:\/\/radio-pax.de\/blog\/wp-json\/wp\/v2\/media\/260"}],"wp:attachment":[{"href":"http:\/\/radio-pax.de\/blog\/wp-json\/wp\/v2\/media?parent=259"}],"wp:term":[{"taxonomy":"category","embeddable":true,"href":"http:\/\/radio-pax.de\/blog\/wp-json\/wp\/v2\/categories?post=259"},{"taxonomy":"post_tag","embeddable":true,"href":"http:\/\/radio-pax.de\/blog\/wp-json\/wp\/v2\/tags?post=259"}],"curies":[{"name":"wp","href":"https:\/\/api.w.org\/{rel}","templated":true}]}}